{"id":1076,"date":"2018-02-20T17:57:58","date_gmt":"2018-02-21T01:57:58","guid":{"rendered":"https:\/\/goodfruit.com\/es\/?p=1076"},"modified":"2021-08-16T14:36:23","modified_gmt":"2021-08-16T21:36:23","slug":"preocupacion-por-el-transporte-de-colmenas","status":"publish","type":"post","link":"https:\/\/goodfruit.com\/es\/preocupacion-por-el-transporte-de-colmenas\/","title":{"rendered":"Preocupaci\u00f3n por el transporte de colmenas"},"content":{"rendered":"<p>Los apicultores quieren un aplazamiento de la nueva regulaci\u00f3n de transporte por cami\u00f3n, que temen pondr\u00eda en peligro las abejas durante el transporte.<\/p>\n<p>Preocupados por la salud de sus ya asediadas colonias de abejas mel\u00edferas, los apicultores de la naci\u00f3n se han unido a los ganaderos para pedirle al Congreso de los Estados Unidos un aplazamiento de un a\u00f1o para la regulaci\u00f3n que obliga al uso de dispositivos electr\u00f3nicos de registro en camiones.<\/p>\n<p>Est\u00e1 previsto que los nuevos requisitos federales entren en vigor el 18 de diciembre. Despu\u00e9s de considerar las peticiones, el gobierno estuvo de acuerdo a un retraso de 90 d\u00edas con la regulaci\u00f3n.<\/p>\n<p>Normalmente denominados ELD, los dispositivos electr\u00f3nicos conectados a los camiones registran autom\u00e1ticamente el tiempo de conducci\u00f3n y reemplazan los registros de papel de los propios conductores. Muchos camiones ya usan ELD.<\/p>\n<p>Sin embargo, los apicultores temen que los dispositivos obliguen a los conductores a detener sus camiones durante los per\u00edodos c\u00e1lidos del d\u00eda, poniendo las abejas en peligro. La brisa creada por los camiones en movimiento hace que las abejas quieran mantenerse a salvo dentro de sus colmenas durante el transporte.<\/p>\n<p>La industria tiene a veces problemas para encontrar conductores dispuestos a transportar grandes cargas de colonias de abejas de California a huertos frutales en el Noroeste, Medio Oeste y Nordeste del pa\u00eds. Se sabe de colonias que han esperado por un conductor en huertos de almendros de California entre una semana y 10 d\u00edas, afirm\u00f3 Gene Brandi, apicultor de Los Banos, California, y presidente de la Federaci\u00f3n Estadounidense de Apicultura. \u201cCiertamente esperamos que no empeore, pero puede que as\u00ed sea\u201d.<\/p>\n<p>Otros temen perder conductores.<\/p>\n<p>\u201cHay algunos equipos de conductores de dos personas (inclusive equipos de marido y mujer), pero algunas organizaciones de transportistas han dicho que ya no transportar\u00e1n abejas despu\u00e9s del cambio de legislaci\u00f3n\u201d, inform\u00f3 Joe Traynor, un intermediario de abejas de Bakersfield, California, quien env\u00eda colmenas para polinizar parcelas de ar\u00e1ndanos en Maine cada a\u00f1o. \u201cOtros probablemente aumentar\u00e1n sus tarifas de manera significativa\u201d.<\/p>\n<p>La federaci\u00f3n se ha unido a las organizaciones de producci\u00f3n de ganado porcino y bovino, y de pescado para pedirle al Congreso estadounidense que les conceda una exenci\u00f3n de un a\u00f1o de la norma ELD, para asegurarse de que los dispositivos concedan a los transportistas la suficiente flexibilidad para garantizar que sus animales permanezcan vivos durante el trayecto.<\/p>\n<p>\u201cNo estamos presionando para obtener una exenci\u00f3n de la regulaci\u00f3n, solo estamos tratando de que nuestra gente tenga un poco m\u00e1s de tiempo para usarla adecuadamente\u201d, indic\u00f3 Fran Boyd, un cabildero de Washington D.C. contratado por los grupos. La Asociaci\u00f3n Americana de Transporte en Camiones apoya el mandato de ELD, pero tambi\u00e9n apoya la concesi\u00f3n de la exenci\u00f3n de un a\u00f1o para los transportistas de animales vivos.<\/p>\n<p>Los grupos est\u00e1n esperando que el Congreso apruebe un presupuesto federal para el 2017-2018. La C\u00e1mara de Representantes ha aceptado la extensi\u00f3n en su versi\u00f3n, mientras que el Senado a\u00fan no hab\u00eda tomado una decisi\u00f3n al cierre de esta edici\u00f3n.<\/p>\n<p>El requisito de ELD no cambia en lo absoluto la cantidad de tiempo que pueden estar los conductores en la carretera, solo el m\u00e9todo de seguimiento de esas horas, asegur\u00f3 Duane DeBruyne de la Administraci\u00f3n Federal de Seguridad de Veh\u00edculos de Autotransportes (FMSCA). La Junta de Seguridad en el Transporte estima que los ELD evitar\u00e1n 26 accidentes mortales y 562 lesiones anuales, la mayor\u00eda de ellos a personas que viajan en veh\u00edculos de pasajeros, inform\u00f3 DeBruyne.<\/p>\n<p>La normativa vigente limita a los conductores a 11 horas, despu\u00e9s de un descanso m\u00ednimo de 10 horas, pero otorga a los transportistas agr\u00edcolas una gran cantidad de exenciones. A los grupos de transporte de ganado les preocupa que los ELD desencadenar\u00e1n infracciones autom\u00e1ticamente sin tener en cuenta esas exenciones y han pedido ese a\u00f1o extra para resolver este tema.<\/p>\n<p>\u201cHabr\u00e1 muchas violaciones en esos registros electr\u00f3nicos porque no es posible hacerlo\u201d, explic\u00f3 Dwight Price, de Price Trucking en Yakima, Washington, que transporta entre 80 y 100 cargas entre Washington y California cada a\u00f1o. Si los conductores se detienen en un clima caluroso porque su ELD les dice que lo hagan, van a terminar con \u201c$100,000 en abejas muertas\u201d, afirm\u00f3.<\/p>\n<p>Las abejas intentar\u00e1n salir de su colmena en cualquier clima que sobrepase los 75 grados, indic\u00f3 Eric Olson, un horticultor de Yakima y veterano apicultor ya retirado. El clima durante marzo y abril, cuando hacen el viaje desde California para la polinizaci\u00f3n, es a menudo as\u00ed de caluroso.<\/p>\n<p>\u201cTransportar abejas es un trabajo realmente duro\u201d, afirm\u00f3.<\/p>\n","protected":false},"excerpt":{"rendered":"<p>Los apicultores quieren un aplazamiento de la nueva regulaci\u00f3n de transporte por cami\u00f3n, que temen pondr\u00eda en peligro las abejas durante el transporte. Preocupados por la salud de sus ya asediadas colonias de abejas mel\u00edferas, los apicultores de la naci\u00f3n se han unido a los ganaderos para pedirle al Congreso de los Estados Unidos un [&hellip;]<\/p>\n","protected":false},"author":31,"featured_media":1078,"comment_status":"closed","ping_status":"open","sticky":false,"template":"","format":"standard","meta":{"_acf_changed":false,"_monsterinsights_skip_tracking":false,"footnotes":""},"categories":[1,51,135],"tags":[],"class_list":["post-1076","post","type-post","status-publish","format-standard","has-post-thumbnail","hentry","category-noticias","category-legal-y-regulatorio","category-arandanos"],"acf":[],"yoast_head":"<!-- This site is optimized with the Yoast SEO plugin v28.3 - https:\/\/yoast.com\/product\/yoast-seo-wordpress\/ -->\n<title>Preocupaci\u00f3n por el transporte de colmenas - Good Fruit Grower en Espa\u00f1ol<\/title>\n<meta name=\"robots\" content=\"index, follow, max-snippet:-1, max-image-preview:large, max-video-preview:-1\" \/>\n<link rel=\"canonical\" href=\"https:\/\/goodfruit.com\/es\/preocupacion-por-el-transporte-de-colmenas\/\" \/>\n<meta property=\"og:locale\" content=\"es_MX\" \/>\n<meta property=\"og:type\" content=\"article\" \/>\n<meta property=\"og:title\" content=\"Preocupaci\u00f3n por el transporte de colmenas - Good Fruit Grower en Espa\u00f1ol\" \/>\n<meta property=\"og:description\" content=\"Los apicultores quieren un aplazamiento de la nueva regulaci\u00f3n de transporte por cami\u00f3n, que temen pondr\u00eda en peligro las abejas durante el transporte. Preocupados por la salud de sus ya asediadas colonias de abejas mel\u00edferas, los apicultores de la naci\u00f3n se han unido a los ganaderos para pedirle al Congreso de los Estados Unidos un [&hellip;]\" \/>\n<meta property=\"og:url\" content=\"https:\/\/goodfruit.com\/es\/preocupacion-por-el-transporte-de-colmenas\/\" \/>\n<meta property=\"og:site_name\" content=\"Good Fruit Grower en Espa\u00f1ol\" \/>\n<meta property=\"article:published_time\" content=\"2018-02-21T01:57:58+00:00\" \/>\n<meta property=\"article:modified_time\" content=\"2021-08-16T21:36:23+00:00\" \/>\n<meta property=\"og:image\" content=\"https:\/\/goodfruit.com\/es\/wp-content\/uploads\/sites\/2\/2018\/02\/truckingRules-5253tj-1.jpg\" \/>\n\t<meta property=\"og:image:width\" content=\"1000\" \/>\n\t<meta property=\"og:image:height\" content=\"634\" \/>\n\t<meta property=\"og:image:type\" content=\"image\/jpeg\" \/>\n<meta name=\"author\" content=\"Ross Courtney\" \/>\n<meta name=\"twitter:card\" content=\"summary_large_image\" \/>\n<meta name=\"twitter:label1\" content=\"Escrito por\" \/>\n\t<meta name=\"twitter:data1\" content=\"Ross Courtney\" \/>\n\t<meta name=\"twitter:label2\" content=\"Tiempo de lectura\" \/>\n\t<meta name=\"twitter:data2\" content=\"4 minutos\" \/>\n<script type=\"application\/ld+json\" class=\"yoast-schema-graph\">{\"@context\":\"https:\\\/\\\/schema.org\",\"@graph\":[{\"@type\":\"Article\",\"@id\":\"https:\\\/\\\/goodfruit.com\\\/es\\\/preocupacion-por-el-transporte-de-colmenas\\\/#article\",\"isPartOf\":{\"@id\":\"https:\\\/\\\/goodfruit.com\\\/es\\\/preocupacion-por-el-transporte-de-colmenas\\\/\"},\"author\":{\"name\":\"Ross Courtney\",\"@id\":\"https:\\\/\\\/goodfruit.com\\\/es\\\/#\\\/schema\\\/person\\\/2bd404691cf07e4d76dabc747b6ea2e9\"},\"headline\":\"Preocupaci\u00f3n por el transporte de colmenas\",\"datePublished\":\"2018-02-21T01:57:58+00:00\",\"dateModified\":\"2021-08-16T21:36:23+00:00\",\"mainEntityOfPage\":{\"@id\":\"https:\\\/\\\/goodfruit.com\\\/es\\\/preocupacion-por-el-transporte-de-colmenas\\\/\"},\"wordCount\":809,\"publisher\":{\"@id\":\"https:\\\/\\\/goodfruit.com\\\/es\\\/#organization\"},\"image\":{\"@id\":\"https:\\\/\\\/goodfruit.com\\\/es\\\/preocupacion-por-el-transporte-de-colmenas\\\/#primaryimage\"},\"thumbnailUrl\":\"https:\\\/\\\/goodfruit.com\\\/es\\\/wp-content\\\/uploads\\\/sites\\\/2\\\/2018\\\/02\\\/truckingRules-5253tj-1.jpg\",\"articleSection\":[\"Noticias\",\"Legal y Regulatorio\",\"Ar\u00e1ndanos\"],\"inLanguage\":\"es\"},{\"@type\":\"WebPage\",\"@id\":\"https:\\\/\\\/goodfruit.com\\\/es\\\/preocupacion-por-el-transporte-de-colmenas\\\/\",\"url\":\"https:\\\/\\\/goodfruit.com\\\/es\\\/preocupacion-por-el-transporte-de-colmenas\\\/\",\"name\":\"Preocupaci\u00f3n por el transporte de colmenas - Good Fruit Grower en Espa\u00f1ol\",\"isPartOf\":{\"@id\":\"https:\\\/\\\/goodfruit.com\\\/es\\\/#website\"},\"primaryImageOfPage\":{\"@id\":\"https:\\\/\\\/goodfruit.com\\\/es\\\/preocupacion-por-el-transporte-de-colmenas\\\/#primaryimage\"},\"image\":{\"@id\":\"https:\\\/\\\/goodfruit.com\\\/es\\\/preocupacion-por-el-transporte-de-colmenas\\\/#primaryimage\"},\"thumbnailUrl\":\"https:\\\/\\\/goodfruit.com\\\/es\\\/wp-content\\\/uploads\\\/sites\\\/2\\\/2018\\\/02\\\/truckingRules-5253tj-1.jpg\",\"datePublished\":\"2018-02-21T01:57:58+00:00\",\"dateModified\":\"2021-08-16T21:36:23+00:00\",\"breadcrumb\":{\"@id\":\"https:\\\/\\\/goodfruit.com\\\/es\\\/preocupacion-por-el-transporte-de-colmenas\\\/#breadcrumb\"},\"inLanguage\":\"es\",\"potentialAction\":[{\"@type\":\"ReadAction\",\"target\":[\"https:\\\/\\\/goodfruit.com\\\/es\\\/preocupacion-por-el-transporte-de-colmenas\\\/\"]}]},{\"@type\":\"ImageObject\",\"inLanguage\":\"es\",\"@id\":\"https:\\\/\\\/goodfruit.com\\\/es\\\/preocupacion-por-el-transporte-de-colmenas\\\/#primaryimage\",\"url\":\"https:\\\/\\\/goodfruit.com\\\/es\\\/wp-content\\\/uploads\\\/sites\\\/2\\\/2018\\\/02\\\/truckingRules-5253tj-1.jpg\",\"contentUrl\":\"https:\\\/\\\/goodfruit.com\\\/es\\\/wp-content\\\/uploads\\\/sites\\\/2\\\/2018\\\/02\\\/truckingRules-5253tj-1.jpg\",\"width\":1000,\"height\":634,\"caption\":\"Una carga de abejas mel\u00edferas llega desde California en abril de 2017 a Olson Orchards en Selah, Washington. A los apicultores les preocupa que las nuevas normas federales que requieren el uso de dispositivos de seguimiento electr\u00f3nicos y entran en vigor este mes dificulten y encarezcan el transporte de las abejas. (TJ MULLINAX \\\/ Good Fruit Grower)\"},{\"@type\":\"BreadcrumbList\",\"@id\":\"https:\\\/\\\/goodfruit.com\\\/es\\\/preocupacion-por-el-transporte-de-colmenas\\\/#breadcrumb\",\"itemListElement\":[{\"@type\":\"ListItem\",\"position\":1,\"name\":\"Home\",\"item\":\"https:\\\/\\\/goodfruit.com\\\/es\\\/\"},{\"@type\":\"ListItem\",\"position\":2,\"name\":\"Preocupaci\u00f3n por el transporte de colmenas\"}]},{\"@type\":\"WebSite\",\"@id\":\"https:\\\/\\\/goodfruit.com\\\/es\\\/#website\",\"url\":\"https:\\\/\\\/goodfruit.com\\\/es\\\/\",\"name\":\"Good Fruit Grower en Espa\u00f1ol\",\"description\":\"\",\"publisher\":{\"@id\":\"https:\\\/\\\/goodfruit.com\\\/es\\\/#organization\"},\"potentialAction\":[{\"@type\":\"SearchAction\",\"target\":{\"@type\":\"EntryPoint\",\"urlTemplate\":\"https:\\\/\\\/goodfruit.com\\\/es\\\/?s={search_term_string}\"},\"query-input\":{\"@type\":\"PropertyValueSpecification\",\"valueRequired\":true,\"valueName\":\"search_term_string\"}}],\"inLanguage\":\"es\"},{\"@type\":\"Organization\",\"@id\":\"https:\\\/\\\/goodfruit.com\\\/es\\\/#organization\",\"name\":\"Good Fruit Grower en Espa\u00f1ol\",\"url\":\"https:\\\/\\\/goodfruit.com\\\/es\\\/\",\"logo\":{\"@type\":\"ImageObject\",\"inLanguage\":\"es\",\"@id\":\"https:\\\/\\\/goodfruit.com\\\/es\\\/#\\\/schema\\\/logo\\\/image\\\/\",\"url\":\"https:\\\/\\\/goodfruit.com\\\/es\\\/wp-content\\\/uploads\\\/sites\\\/2\\\/2025\\\/04\\\/GFG_en_espanol_2025_WEB.png\",\"contentUrl\":\"https:\\\/\\\/goodfruit.com\\\/es\\\/wp-content\\\/uploads\\\/sites\\\/2\\\/2025\\\/04\\\/GFG_en_espanol_2025_WEB.png\",\"width\":2550,\"height\":1200,\"caption\":\"Good Fruit Grower en Espa\u00f1ol\"},\"image\":{\"@id\":\"https:\\\/\\\/goodfruit.com\\\/es\\\/#\\\/schema\\\/logo\\\/image\\\/\"}},{\"@type\":\"Person\",\"@id\":\"https:\\\/\\\/goodfruit.com\\\/es\\\/#\\\/schema\\\/person\\\/2bd404691cf07e4d76dabc747b6ea2e9\",\"name\":\"Ross Courtney\",\"image\":{\"@type\":\"ImageObject\",\"inLanguage\":\"es\",\"@id\":\"https:\\\/\\\/www.goodfruit.com\\\/wp-content\\\/uploads\\\/cropped-courtneyRossMug-2353163tj-2023gfgTeam-1-96x96.jpg\",\"url\":\"https:\\\/\\\/www.goodfruit.com\\\/wp-content\\\/uploads\\\/cropped-courtneyRossMug-2353163tj-2023gfgTeam-1-96x96.jpg\",\"contentUrl\":\"https:\\\/\\\/www.goodfruit.com\\\/wp-content\\\/uploads\\\/cropped-courtneyRossMug-2353163tj-2023gfgTeam-1-96x96.jpg\",\"caption\":\"Ross Courtney\"},\"description\":\"Ross Courtney is an associate editor for Good Fruit Grower, writing articles and taking photos for the print magazine and website. He has a degree from Pacific Lutheran University. -- Follow the author -- Contact: 509-930-8798 or email.\",\"url\":\"https:\\\/\\\/goodfruit.com\\\/es\\\/author\\\/rcourtney\\\/\"}]}<\/script>\n<!-- \/ Yoast SEO plugin. -->","yoast_head_json":{"title":"Preocupaci\u00f3n por el transporte de colmenas - Good Fruit Grower en Espa\u00f1ol","robots":{"index":"index","follow":"follow","max-snippet":"max-snippet:-1","max-image-preview":"max-image-preview:large","max-video-preview":"max-video-preview:-1"},"canonical":"https:\/\/goodfruit.com\/es\/preocupacion-por-el-transporte-de-colmenas\/","og_locale":"es_MX","og_type":"article","og_title":"Preocupaci\u00f3n por el transporte de colmenas - Good Fruit Grower en Espa\u00f1ol","og_description":"Los apicultores quieren un aplazamiento de la nueva regulaci\u00f3n de transporte por cami\u00f3n, que temen pondr\u00eda en peligro las abejas durante el transporte. Preocupados por la salud de sus ya asediadas colonias de abejas mel\u00edferas, los apicultores de la naci\u00f3n se han unido a los ganaderos para pedirle al Congreso de los Estados Unidos un [&hellip;]","og_url":"https:\/\/goodfruit.com\/es\/preocupacion-por-el-transporte-de-colmenas\/","og_site_name":"Good Fruit Grower en Espa\u00f1ol","article_published_time":"2018-02-21T01:57:58+00:00","article_modified_time":"2021-08-16T21:36:23+00:00","og_image":[{"width":1000,"height":634,"url":"https:\/\/goodfruit.com\/es\/wp-content\/uploads\/sites\/2\/2018\/02\/truckingRules-5253tj-1.jpg","type":"image\/jpeg"}],"author":"Ross Courtney","twitter_card":"summary_large_image","twitter_misc":{"Escrito por":"Ross Courtney","Tiempo de lectura":"4 minutos"},"schema":{"@context":"https:\/\/schema.org","@graph":[{"@type":"Article","@id":"https:\/\/goodfruit.com\/es\/preocupacion-por-el-transporte-de-colmenas\/#article","isPartOf":{"@id":"https:\/\/goodfruit.com\/es\/preocupacion-por-el-transporte-de-colmenas\/"},"author":{"name":"Ross Courtney","@id":"https:\/\/goodfruit.com\/es\/#\/schema\/person\/2bd404691cf07e4d76dabc747b6ea2e9"},"headline":"Preocupaci\u00f3n por el transporte de colmenas","datePublished":"2018-02-21T01:57:58+00:00","dateModified":"2021-08-16T21:36:23+00:00","mainEntityOfPage":{"@id":"https:\/\/goodfruit.com\/es\/preocupacion-por-el-transporte-de-colmenas\/"},"wordCount":809,"publisher":{"@id":"https:\/\/goodfruit.com\/es\/#organization"},"image":{"@id":"https:\/\/goodfruit.com\/es\/preocupacion-por-el-transporte-de-colmenas\/#primaryimage"},"thumbnailUrl":"https:\/\/goodfruit.com\/es\/wp-content\/uploads\/sites\/2\/2018\/02\/truckingRules-5253tj-1.jpg","articleSection":["Noticias","Legal y Regulatorio","Ar\u00e1ndanos"],"inLanguage":"es"},{"@type":"WebPage","@id":"https:\/\/goodfruit.com\/es\/preocupacion-por-el-transporte-de-colmenas\/","url":"https:\/\/goodfruit.com\/es\/preocupacion-por-el-transporte-de-colmenas\/","name":"Preocupaci\u00f3n por el transporte de colmenas - Good Fruit Grower en Espa\u00f1ol","isPartOf":{"@id":"https:\/\/goodfruit.com\/es\/#website"},"primaryImageOfPage":{"@id":"https:\/\/goodfruit.com\/es\/preocupacion-por-el-transporte-de-colmenas\/#primaryimage"},"image":{"@id":"https:\/\/goodfruit.com\/es\/preocupacion-por-el-transporte-de-colmenas\/#primaryimage"},"thumbnailUrl":"https:\/\/goodfruit.com\/es\/wp-content\/uploads\/sites\/2\/2018\/02\/truckingRules-5253tj-1.jpg","datePublished":"2018-02-21T01:57:58+00:00","dateModified":"2021-08-16T21:36:23+00:00","breadcrumb":{"@id":"https:\/\/goodfruit.com\/es\/preocupacion-por-el-transporte-de-colmenas\/#breadcrumb"},"inLanguage":"es","potentialAction":[{"@type":"ReadAction","target":["https:\/\/goodfruit.com\/es\/preocupacion-por-el-transporte-de-colmenas\/"]}]},{"@type":"ImageObject","inLanguage":"es","@id":"https:\/\/goodfruit.com\/es\/preocupacion-por-el-transporte-de-colmenas\/#primaryimage","url":"https:\/\/goodfruit.com\/es\/wp-content\/uploads\/sites\/2\/2018\/02\/truckingRules-5253tj-1.jpg","contentUrl":"https:\/\/goodfruit.com\/es\/wp-content\/uploads\/sites\/2\/2018\/02\/truckingRules-5253tj-1.jpg","width":1000,"height":634,"caption":"Una carga de abejas mel\u00edferas llega desde California en abril de 2017 a Olson Orchards en Selah, Washington. A los apicultores les preocupa que las nuevas normas federales que requieren el uso de dispositivos de seguimiento electr\u00f3nicos y entran en vigor este mes dificulten y encarezcan el transporte de las abejas. (TJ MULLINAX \/ Good Fruit Grower)"},{"@type":"BreadcrumbList","@id":"https:\/\/goodfruit.com\/es\/preocupacion-por-el-transporte-de-colmenas\/#breadcrumb","itemListElement":[{"@type":"ListItem","position":1,"name":"Home","item":"https:\/\/goodfruit.com\/es\/"},{"@type":"ListItem","position":2,"name":"Preocupaci\u00f3n por el transporte de colmenas"}]},{"@type":"WebSite","@id":"https:\/\/goodfruit.com\/es\/#website","url":"https:\/\/goodfruit.com\/es\/","name":"Good Fruit Grower en Espa\u00f1ol","description":"","publisher":{"@id":"https:\/\/goodfruit.com\/es\/#organization"},"potentialAction":[{"@type":"SearchAction","target":{"@type":"EntryPoint","urlTemplate":"https:\/\/goodfruit.com\/es\/?s={search_term_string}"},"query-input":{"@type":"PropertyValueSpecification","valueRequired":true,"valueName":"search_term_string"}}],"inLanguage":"es"},{"@type":"Organization","@id":"https:\/\/goodfruit.com\/es\/#organization","name":"Good Fruit Grower en Espa\u00f1ol","url":"https:\/\/goodfruit.com\/es\/","logo":{"@type":"ImageObject","inLanguage":"es","@id":"https:\/\/goodfruit.com\/es\/#\/schema\/logo\/image\/","url":"https:\/\/goodfruit.com\/es\/wp-content\/uploads\/sites\/2\/2025\/04\/GFG_en_espanol_2025_WEB.png","contentUrl":"https:\/\/goodfruit.com\/es\/wp-content\/uploads\/sites\/2\/2025\/04\/GFG_en_espanol_2025_WEB.png","width":2550,"height":1200,"caption":"Good Fruit Grower en Espa\u00f1ol"},"image":{"@id":"https:\/\/goodfruit.com\/es\/#\/schema\/logo\/image\/"}},{"@type":"Person","@id":"https:\/\/goodfruit.com\/es\/#\/schema\/person\/2bd404691cf07e4d76dabc747b6ea2e9","name":"Ross Courtney","image":{"@type":"ImageObject","inLanguage":"es","@id":"https:\/\/www.goodfruit.com\/wp-content\/uploads\/cropped-courtneyRossMug-2353163tj-2023gfgTeam-1-96x96.jpg","url":"https:\/\/www.goodfruit.com\/wp-content\/uploads\/cropped-courtneyRossMug-2353163tj-2023gfgTeam-1-96x96.jpg","contentUrl":"https:\/\/www.goodfruit.com\/wp-content\/uploads\/cropped-courtneyRossMug-2353163tj-2023gfgTeam-1-96x96.jpg","caption":"Ross Courtney"},"description":"Ross Courtney is an associate editor for Good Fruit Grower, writing articles and taking photos for the print magazine and website. He has a degree from Pacific Lutheran University. -- Follow the author -- Contact: 509-930-8798 or email.","url":"https:\/\/goodfruit.com\/es\/author\/rcourtney\/"}]}},"wps_subtitle":"","_links":{"self":[{"href":"https:\/\/goodfruit.com\/es\/wp-json\/wp\/v2\/posts\/1076","targetHints":{"allow":["GET"]}}],"collection":[{"href":"https:\/\/goodfruit.com\/es\/wp-json\/wp\/v2\/posts"}],"about":[{"href":"https:\/\/goodfruit.com\/es\/wp-json\/wp\/v2\/types\/post"}],"author":[{"embeddable":true,"href":"https:\/\/goodfruit.com\/es\/wp-json\/wp\/v2\/users\/31"}],"replies":[{"embeddable":true,"href":"https:\/\/goodfruit.com\/es\/wp-json\/wp\/v2\/comments?post=1076"}],"version-history":[{"count":0,"href":"https:\/\/goodfruit.com\/es\/wp-json\/wp\/v2\/posts\/1076\/revisions"}],"wp:featuredmedia":[{"embeddable":true,"href":"https:\/\/goodfruit.com\/es\/wp-json\/wp\/v2\/media\/1078"}],"wp:attachment":[{"href":"https:\/\/goodfruit.com\/es\/wp-json\/wp\/v2\/media?parent=1076"}],"wp:term":[{"taxonomy":"category","embeddable":true,"href":"https:\/\/goodfruit.com\/es\/wp-json\/wp\/v2\/categories?post=1076"},{"taxonomy":"post_tag","embeddable":true,"href":"https:\/\/goodfruit.com\/es\/wp-json\/wp\/v2\/tags?post=1076"}],"curies":[{"name":"wp","href":"https:\/\/api.w.org\/{rel}","templated":true}]}}