{"id":1576,"date":"2018-10-18T13:02:08","date_gmt":"2018-10-18T20:02:08","guid":{"rendered":"https:\/\/goodfruit.com\/es\/?p=1576"},"modified":"2021-08-16T14:35:44","modified_gmt":"2021-08-16T21:35:44","slug":"la-posicion-importa-al-cosechar-peras","status":"publish","type":"post","link":"https:\/\/goodfruit.com\/es\/la-posicion-importa-al-cosechar-peras\/","title":{"rendered":"La posici\u00f3n importa al cosechar peras"},"content":{"rendered":"<p>La falta de portainjertos enanizantes verdaderos implica que muchos huertos de perales del noroeste del Pac\u00edfico permanezcan plantados con un marco de plantaci\u00f3n de baja densidad, habitualmente con \u00e1rboles en forma de vaso abierto y doseles voluminosos. La mayor\u00eda de los huertos nuevos no est\u00e1n plantados en alta densidad como en Europa y otras \u00e1reas de \u00e1rboles frutales en el mundo.<\/p>\n<p>Los reg\u00edmenes de rociado en estos huertos son mucho menos efectivos que si los doseles fueran m\u00e1s peque\u00f1os y estrechos, y la mecanizaci\u00f3n de la cosecha y clasificaci\u00f3n de la fruta no es tan factible. La luz, tambi\u00e9n, golpea los \u00e1rboles de diferente manera dependiendo de la posici\u00f3n en el dosel, lo que causa variaci\u00f3n de la calidad de la fruta dentro del mismo \u00e1rbol.<\/p>\n<p>La variabilidad de la fruta de pera dentro de un dosel de gran tama\u00f1o ha sido objeto de varios proyectos del Servicio de Investigaci\u00f3n Agr\u00edcola del Departamento de Agricultura de los Estados Unidos (USDA) y de la Universidad Estatal de Washington en un esfuerzo por ayudar a los productores a tratar de mejorar la producci\u00f3n y calidad de pera para el mercado.<\/p>\n<p>\u201cLa cuesti\u00f3n es que la calidad de la fruta se desarrolla en su totalidad en el campo: la poda, el raleo, el sistema de formaci\u00f3n son, en conjunto, factores que repercuten en la fruta. Tenemos que pensar en el cuadro completo\u201d, dijo Sara Serra, profesora asistente en el Centro de Investigaci\u00f3n y Extensi\u00f3n de \u00c1rboles Frutales de la WSU. En marzo, Serra les dijo a los productores en el Centro de Estudios de Fruta de WSU que los investigadores que trabajaban en el proyecto observaron peras procedentes de \u00e1rboles con un dosel de gran tama\u00f1o, todas ellas siendo recogidas en el mismo caj\u00f3n. <\/p>\n<p>\u201cNos preguntamos si esas peras tienen la misma madurez, la misma capacidad de almacenamiento, la misma calidad\u201d.<\/p>\n<figure id=\"attachment_1578\" aria-describedby=\"caption-attachment-1578\" style=\"width: 1000px\" class=\"wp-caption aligncenter\"><img fetchpriority=\"high\" decoding=\"async\" src=\"https:\/\/goodfruit.com\/es\/wp-content\/uploads\/sites\/2\/2018\/10\/pearCanopy1.jpg\" alt=\"\" width=\"1000\" height=\"753\" class=\"size-full wp-image-1578\" srcset=\"https:\/\/goodfruit.com\/es\/wp-content\/uploads\/sites\/2\/2018\/10\/pearCanopy1.jpg 1000w, https:\/\/goodfruit.com\/es\/wp-content\/uploads\/sites\/2\/2018\/10\/pearCanopy1-300x226.jpg 300w, https:\/\/goodfruit.com\/es\/wp-content\/uploads\/sites\/2\/2018\/10\/pearCanopy1-768x578.jpg 768w, https:\/\/goodfruit.com\/es\/wp-content\/uploads\/sites\/2\/2018\/10\/pearCanopy1-810x610.jpg 810w, https:\/\/goodfruit.com\/es\/wp-content\/uploads\/sites\/2\/2018\/10\/pearCanopy1-600x452.jpg 600w\" sizes=\"(max-width: 1000px) 100vw, 1000px\" \/><figcaption id=\"caption-attachment-1578\" class=\"wp-caption-text\"><strong>Estas peras d\u2019Anjou \u201cexternas\u201d, cosechadas en septiembre de 2014 en un huerto con los \u00e1rboles en forma de vaso abierto en Cashmere, Washington, crecieron en las zonas exteriores del dosel donde recibieron abundante luz solar: al menos un 70 por ciento de interceptaci\u00f3n de luz. <\/strong>(Fotos cortes\u00eda de Sara Serra)<\/figcaption><\/figure>\n<p>Los investigadores se centraron en las peras verdes d\u2019Anjou para el estudio, dado que el 98 por ciento de la producci\u00f3n de d\u2019Anjou en los Estados Unidos se encuentra en el noroeste del Pac\u00edfico. Comenzaron recogiendo peras de acuerdo con su posici\u00f3n en el dosel (internas y sombreadas versus externas y m\u00e1s expuestas al sol) y las almacenaron a temperatura ambiente durante 24 d\u00edas. Inmediatamente notaron las diferencias en el color y la degradaci\u00f3n de la clorofila, donde la fruta interna estaba muy verde y cambiaba muy lentamente en comparaci\u00f3n con las peras externas.<\/p>\n<p>Eso los llev\u00f3 inmediatamente a preguntarse acerca de los cambios bioqu\u00edmicos dentro de la fruta en funci\u00f3n de la posici\u00f3n en el dosel. Gracias al an\u00e1lisis metabol\u00f3mico llevado a cabo dentro de este proyecto por David Rudell del USDA, descubrieron que muchos de los compuestos qu\u00edmicos que pod\u00edan detectar y que estaban relacionados con la luz (metabolitos del fotosistema) se encontraban en niveles m\u00e1s altos en la fruta interna; los niveles de clorofila eran altos en esas peras, y estaban menos maduras. <\/p>\n<p>Por el contrario, los metabolitos vol\u00e1tiles \u201cmaduros\u201d, que contribuyen al aroma, se encontraron en niveles m\u00e1s altos en la fruta externa (piel y corteza). \u201cEso significa que la maduraci\u00f3n de la pera d\u2019Anjou est\u00e1 realmente influenciada por su posici\u00f3n en la que se encuentra en el \u00e1rbol\u201d, dijo Serra.<\/p>\n<p>En otro estudio, los investigadores construyeron mapas de luz que miden cu\u00e1nta luz (y qu\u00e9 tipo de luz) se intercepta en las diferentes posiciones dentro del \u00e1rbol. Al menos 70 por ciento de interceptaci\u00f3n de luz fue el umbral para distinguir la fruta externa de la interna, que ten\u00eda menos del 30 por ciento de luz golpeando la fruta. La fruta en el dosel inferior tambi\u00e9n se desarroll\u00f3 con tama\u00f1os m\u00e1s peque\u00f1os que la fruta externa, y la producci\u00f3n se vio limitada en las \u00e1reas sombreadas internas del \u00e1rbol.<\/p>\n<p>\u201cRealmente hay diferencias en el espectro de luz en funci\u00f3n de la posici\u00f3n en el \u00e1rbol\u201d, afirm\u00f3. \u201cA la sombra, estamos perdiendo potencia de la luz directa (principalmente luz difusa). Esto afecta el desarrollo de la fruta. Es una diferencia considerable y una gran variaci\u00f3n en el desarrollo de la fruta\u201d.<\/p>\n<figure id=\"attachment_1579\" aria-describedby=\"caption-attachment-1579\" style=\"width: 1000px\" class=\"wp-caption aligncenter\"><img decoding=\"async\" src=\"https:\/\/goodfruit.com\/es\/wp-content\/uploads\/sites\/2\/2018\/10\/pearCanopy4.jpg\" alt=\"\" width=\"1000\" height=\"929\" class=\"size-full wp-image-1579\" srcset=\"https:\/\/goodfruit.com\/es\/wp-content\/uploads\/sites\/2\/2018\/10\/pearCanopy4.jpg 1000w, https:\/\/goodfruit.com\/es\/wp-content\/uploads\/sites\/2\/2018\/10\/pearCanopy4-300x279.jpg 300w, https:\/\/goodfruit.com\/es\/wp-content\/uploads\/sites\/2\/2018\/10\/pearCanopy4-768x713.jpg 768w, https:\/\/goodfruit.com\/es\/wp-content\/uploads\/sites\/2\/2018\/10\/pearCanopy4-810x752.jpg 810w, https:\/\/goodfruit.com\/es\/wp-content\/uploads\/sites\/2\/2018\/10\/pearCanopy4-600x557.jpg 600w\" sizes=\"(max-width: 1000px) 100vw, 1000px\" \/><figcaption id=\"caption-attachment-1579\" class=\"wp-caption-text\"><strong>Estas peras d\u2019Anjou \u201cinternas\u201d crecieron en la parte interior del dosel donde tuvieron mucha m\u00e1s sombra, al recibir solo un 30 por ciento o menos de interceptaci\u00f3n de luz.<\/strong>(Fotos cortes\u00eda de Sara Serra)<\/figcaption><\/figure>\n<p><strong>Dando un paso m\u00e1s<\/strong><\/p>\n<p>\u00bfEntonces qu\u00e9 papel juega el almacenamiento? En un estudio final en Cashmere, Washington, se utiliz\u00f3 la fruta de una plantaci\u00f3n de vaso abierto, con varios ejes y baja densidad de d\u2019Anjou de la d\u00e9cada de 1970. La fruta localizada en el exterior del \u00e1rbol y que recibi\u00f3 al menos el 70 por ciento de la interceptaci\u00f3n de la luz se separ\u00f3 de la fruta interna alcanzada por 30 por ciento o menos de la  luz disponible. Luego, los investigadores dividieron la fruta en cuatro grupos posteriores a la cosecha para la evaluaci\u00f3n: cosecha, tres meses en atm\u00f3sfera controlada (AC), seis meses en AC y ocho meses en AC, y cada uno de esos periodos de almacenamiento seguidos de un per\u00edodo de maduraci\u00f3n de siete d\u00edas. Cada vez que sacaban fruta del almacenamiento en atm\u00f3sfera controlada, realizaban un an\u00e1lisis de la calidad de la fruta y una evaluaci\u00f3n metabol\u00f3mica de los cambios bioqu\u00edmicos.<\/p>\n<p>En general, encontraron que la fruta externa en la cosecha era m\u00e1s grande con un color de fondo m\u00e1s amarillo y con niveles m\u00e1s altos de s\u00f3lidos solubles. La fruta interna estaba menos madura y m\u00e1s verde sin enrojecimiento. Las diferencias fueron uniformes en todas las frutas que sacaron del almacenamiento; despu\u00e9s de ocho meses y siete d\u00edas de maduraci\u00f3n, la fruta interna a\u00fan estaba menos madura que la fruta externa.<\/p>\n<p>En t\u00e9rminos de firmeza, no hubo diferencias significativas entre la fruta interna y externa hasta los ocho meses, cuando la fruta interna fue m\u00e1s firme. Con un per\u00edodo de maduraci\u00f3n de siete d\u00edas, la fruta interna fue m\u00e1s firme tanto a los tres como a los ocho meses.<\/p>\n<p>La diferencia es uniforme y significativa, dijo Serra. Toda la fruta externa mostr\u00f3 un contenido en materia seca superior en comparaci\u00f3n con la fruta interna, ya sea medida inmediatamente despu\u00e9s de sacar la fruta del almacenamiento en fr\u00edo o despu\u00e9s de un per\u00edodo de maduraci\u00f3n de siete d\u00edas.<\/p>\n<p>La materia seca se acumula en el campo y est\u00e1 influenciada por la disponibilidad de luz, que no es un problema en las regiones de crecimiento del noroeste del Pac\u00edfico. <\/p>\n<p>Sin embargo, si los productores pueden optimizar la interceptaci\u00f3n de luz, pasar de una plantaci\u00f3n de baja densidad a otra de mayor densidad y reducir el dosel de los \u00e1rboles de una manera un poco m\u00e1s organizada, pueden beneficiarse con mayores niveles de materia seca en la fruta preferida por los consumidores. afirm\u00f3.<\/p>\n<p><strong>\u00bfQu\u00e9 significa todo esto?<\/strong><\/p>\n<p>Esta serie de estudios mostr\u00f3 que la maduraci\u00f3n de la cosecha var\u00eda seg\u00fan la posici\u00f3n de la fruta en el \u00e1rbol; el tama\u00f1o y la calidad de la fruta variaron para la fruta interna y externa despu\u00e9s de tres, seis y ocho meses de almacenamiento en atm\u00f3sfera controlada, y la fruta externa estaba m\u00e1s madura en todas las ocasiones. El an\u00e1lisis qu\u00edmico de la piel tambi\u00e9n indica que la posici\u00f3n en el \u00e1rbol tiene un gran impacto en la capacidad de almacenamiento y la calidad.<\/p>\n<p>La recomendaci\u00f3n resultante: es molesto, pero los productores deber\u00edan evitar el recoger toda la fruta junta, dijo Serra.<\/p>\n<p>\u201cMantenga la fruta separada. Comience en el campo con frutas externas en el mismo caj\u00f3n, porque pueden almacenarse con un r\u00e9gimen diferente\u201d, se\u00f1al\u00f3.<\/p>\n<p>Adem\u00e1s, Serra y sus compa\u00f1eros observaron que la fruta externa comenz\u00f3 a desarrollar escaldadura superficial despu\u00e9s de seis meses de almacenamiento, mientras que la fruta interna no lo hizo.<\/p>\n<p>Finalmente, \u201clos nuevos protocolos de recolecci\u00f3n, las estrategias de clasificaci\u00f3n durante la cosecha y los nuevos huertos de mayor densidad, utilizando el sistema de dos ejes para controlar el vigor, deben considerarse en el futuro con vistas a reducir las p\u00e9rdidas y el reenvasado y lograr un producto de calidad uniforme para nuestros consumidores, y as\u00ed regresen para comprar peras nuevamente\u201d, se\u00f1al\u00f3.<\/p>\n","protected":false},"excerpt":{"rendered":"<p>Estudios demuestran que la posici\u00f3n de la pera en el \u00e1rbol juega un papel importante en la maduraci\u00f3n y el almacenamiento de las peras.<\/p>\n","protected":false},"author":29,"featured_media":1577,"comment_status":"closed","ping_status":"open","sticky":false,"template":"","format":"standard","meta":{"_acf_changed":false,"_monsterinsights_skip_tracking":false,"footnotes":""},"categories":[1,41,48,55,56],"tags":[110,111,114,118],"class_list":["post-1576","post","type-post","status-publish","format-standard","has-post-thumbnail","hentry","category-noticias","category-peras","category-buenos-puntos","category-comercio","category-nuevos-desarrollos","tag-produccion","tag-investigacion","tag-variedades","tag-peras"],"acf":[],"yoast_head":"<!-- This site is optimized with the Yoast SEO plugin v28.3 - https:\/\/yoast.com\/product\/yoast-seo-wordpress\/ -->\n<title>La posici\u00f3n importa al cosechar peras - Good Fruit Grower en Espa\u00f1ol<\/title>\n<meta name=\"robots\" content=\"index, follow, max-snippet:-1, max-image-preview:large, max-video-preview:-1\" \/>\n<link rel=\"canonical\" href=\"https:\/\/goodfruit.com\/es\/la-posicion-importa-al-cosechar-peras\/\" \/>\n<meta property=\"og:locale\" content=\"es_MX\" \/>\n<meta property=\"og:type\" content=\"article\" \/>\n<meta property=\"og:title\" content=\"La posici\u00f3n importa al cosechar peras - Good Fruit Grower en Espa\u00f1ol\" \/>\n<meta property=\"og:description\" content=\"Estudios demuestran que la posici\u00f3n de la pera en el \u00e1rbol juega un papel importante en la maduraci\u00f3n y el almacenamiento de las peras.\" \/>\n<meta property=\"og:url\" content=\"https:\/\/goodfruit.com\/es\/la-posicion-importa-al-cosechar-peras\/\" \/>\n<meta property=\"og:site_name\" content=\"Good Fruit Grower en Espa\u00f1ol\" \/>\n<meta property=\"article:published_time\" content=\"2018-10-18T20:02:08+00:00\" \/>\n<meta property=\"article:modified_time\" content=\"2021-08-16T21:35:44+00:00\" \/>\n<meta property=\"og:image\" content=\"https:\/\/goodfruit.com\/es\/wp-content\/uploads\/sites\/2\/2018\/10\/pearCanopy3.jpg\" \/>\n\t<meta property=\"og:image:width\" content=\"1000\" \/>\n\t<meta property=\"og:image:height\" content=\"1040\" \/>\n\t<meta property=\"og:image:type\" content=\"image\/jpeg\" \/>\n<meta name=\"author\" content=\"Shannon Dininny\" \/>\n<meta name=\"twitter:card\" content=\"summary_large_image\" \/>\n<meta name=\"twitter:label1\" content=\"Escrito por\" \/>\n\t<meta name=\"twitter:data1\" content=\"Shannon Dininny\" \/>\n\t<meta name=\"twitter:label2\" content=\"Tiempo de lectura\" \/>\n\t<meta name=\"twitter:data2\" content=\"8 minutos\" \/>\n<script type=\"application\/ld+json\" class=\"yoast-schema-graph\">{\"@context\":\"https:\\\/\\\/schema.org\",\"@graph\":[{\"@type\":\"Article\",\"@id\":\"https:\\\/\\\/goodfruit.com\\\/es\\\/la-posicion-importa-al-cosechar-peras\\\/#article\",\"isPartOf\":{\"@id\":\"https:\\\/\\\/goodfruit.com\\\/es\\\/la-posicion-importa-al-cosechar-peras\\\/\"},\"author\":{\"name\":\"Shannon Dininny\",\"@id\":\"https:\\\/\\\/goodfruit.com\\\/es\\\/#\\\/schema\\\/person\\\/aa2a0193ae3d927c7206045009dbbcab\"},\"headline\":\"La posici\u00f3n importa al cosechar peras\",\"datePublished\":\"2018-10-18T20:02:08+00:00\",\"dateModified\":\"2021-08-16T21:35:44+00:00\",\"mainEntityOfPage\":{\"@id\":\"https:\\\/\\\/goodfruit.com\\\/es\\\/la-posicion-importa-al-cosechar-peras\\\/\"},\"wordCount\":1522,\"publisher\":{\"@id\":\"https:\\\/\\\/goodfruit.com\\\/es\\\/#organization\"},\"image\":{\"@id\":\"https:\\\/\\\/goodfruit.com\\\/es\\\/la-posicion-importa-al-cosechar-peras\\\/#primaryimage\"},\"thumbnailUrl\":\"https:\\\/\\\/goodfruit.com\\\/es\\\/wp-content\\\/uploads\\\/sites\\\/2\\\/2018\\\/10\\\/pearCanopy3.jpg\",\"keywords\":[\"Producci\u00f3n\",\"Investigaci\u00f3n\",\"Variedades\",\"Peras\"],\"articleSection\":[\"Noticias\",\"Peras\",\"Buenos Puntos\",\"Comercio\",\"Nuevos Desarrollos\"],\"inLanguage\":\"es\"},{\"@type\":\"WebPage\",\"@id\":\"https:\\\/\\\/goodfruit.com\\\/es\\\/la-posicion-importa-al-cosechar-peras\\\/\",\"url\":\"https:\\\/\\\/goodfruit.com\\\/es\\\/la-posicion-importa-al-cosechar-peras\\\/\",\"name\":\"La posici\u00f3n importa al cosechar peras - Good Fruit Grower en Espa\u00f1ol\",\"isPartOf\":{\"@id\":\"https:\\\/\\\/goodfruit.com\\\/es\\\/#website\"},\"primaryImageOfPage\":{\"@id\":\"https:\\\/\\\/goodfruit.com\\\/es\\\/la-posicion-importa-al-cosechar-peras\\\/#primaryimage\"},\"image\":{\"@id\":\"https:\\\/\\\/goodfruit.com\\\/es\\\/la-posicion-importa-al-cosechar-peras\\\/#primaryimage\"},\"thumbnailUrl\":\"https:\\\/\\\/goodfruit.com\\\/es\\\/wp-content\\\/uploads\\\/sites\\\/2\\\/2018\\\/10\\\/pearCanopy3.jpg\",\"datePublished\":\"2018-10-18T20:02:08+00:00\",\"dateModified\":\"2021-08-16T21:35:44+00:00\",\"breadcrumb\":{\"@id\":\"https:\\\/\\\/goodfruit.com\\\/es\\\/la-posicion-importa-al-cosechar-peras\\\/#breadcrumb\"},\"inLanguage\":\"es\",\"potentialAction\":[{\"@type\":\"ReadAction\",\"target\":[\"https:\\\/\\\/goodfruit.com\\\/es\\\/la-posicion-importa-al-cosechar-peras\\\/\"]}]},{\"@type\":\"ImageObject\",\"inLanguage\":\"es\",\"@id\":\"https:\\\/\\\/goodfruit.com\\\/es\\\/la-posicion-importa-al-cosechar-peras\\\/#primaryimage\",\"url\":\"https:\\\/\\\/goodfruit.com\\\/es\\\/wp-content\\\/uploads\\\/sites\\\/2\\\/2018\\\/10\\\/pearCanopy3.jpg\",\"contentUrl\":\"https:\\\/\\\/goodfruit.com\\\/es\\\/wp-content\\\/uploads\\\/sites\\\/2\\\/2018\\\/10\\\/pearCanopy3.jpg\",\"width\":1000,\"height\":1040,\"caption\":\"Estas peras d\u2019Anjou \u201cexternas\u201d (bandeja superior) e \u201cinternas\u201d (bandeja inferior) se mantuvieron a temperatura ambiente durante tres semanas despu\u00e9s de la cosecha en septiembre de 2014. Las peras \u201cexternas\u201d enrojecieron con m\u00e1s amarillamiento y estaban m\u00e1s maduras en comparaci\u00f3n con las peras \u201cinternas\u201d, que estaban m\u00e1s verdes y con una menor maduraci\u00f3n. (Fotos cortes\u00eda de Sara Serra)\"},{\"@type\":\"BreadcrumbList\",\"@id\":\"https:\\\/\\\/goodfruit.com\\\/es\\\/la-posicion-importa-al-cosechar-peras\\\/#breadcrumb\",\"itemListElement\":[{\"@type\":\"ListItem\",\"position\":1,\"name\":\"Home\",\"item\":\"https:\\\/\\\/goodfruit.com\\\/es\\\/\"},{\"@type\":\"ListItem\",\"position\":2,\"name\":\"La posici\u00f3n importa al cosechar peras\"}]},{\"@type\":\"WebSite\",\"@id\":\"https:\\\/\\\/goodfruit.com\\\/es\\\/#website\",\"url\":\"https:\\\/\\\/goodfruit.com\\\/es\\\/\",\"name\":\"Good Fruit Grower en Espa\u00f1ol\",\"description\":\"\",\"publisher\":{\"@id\":\"https:\\\/\\\/goodfruit.com\\\/es\\\/#organization\"},\"potentialAction\":[{\"@type\":\"SearchAction\",\"target\":{\"@type\":\"EntryPoint\",\"urlTemplate\":\"https:\\\/\\\/goodfruit.com\\\/es\\\/?s={search_term_string}\"},\"query-input\":{\"@type\":\"PropertyValueSpecification\",\"valueRequired\":true,\"valueName\":\"search_term_string\"}}],\"inLanguage\":\"es\"},{\"@type\":\"Organization\",\"@id\":\"https:\\\/\\\/goodfruit.com\\\/es\\\/#organization\",\"name\":\"Good Fruit Grower en Espa\u00f1ol\",\"url\":\"https:\\\/\\\/goodfruit.com\\\/es\\\/\",\"logo\":{\"@type\":\"ImageObject\",\"inLanguage\":\"es\",\"@id\":\"https:\\\/\\\/goodfruit.com\\\/es\\\/#\\\/schema\\\/logo\\\/image\\\/\",\"url\":\"https:\\\/\\\/goodfruit.com\\\/es\\\/wp-content\\\/uploads\\\/sites\\\/2\\\/2025\\\/04\\\/GFG_en_espanol_2025_WEB.png\",\"contentUrl\":\"https:\\\/\\\/goodfruit.com\\\/es\\\/wp-content\\\/uploads\\\/sites\\\/2\\\/2025\\\/04\\\/GFG_en_espanol_2025_WEB.png\",\"width\":2550,\"height\":1200,\"caption\":\"Good Fruit Grower en Espa\u00f1ol\"},\"image\":{\"@id\":\"https:\\\/\\\/goodfruit.com\\\/es\\\/#\\\/schema\\\/logo\\\/image\\\/\"}},{\"@type\":\"Person\",\"@id\":\"https:\\\/\\\/goodfruit.com\\\/es\\\/#\\\/schema\\\/person\\\/aa2a0193ae3d927c7206045009dbbcab\",\"name\":\"Shannon Dininny\",\"image\":{\"@type\":\"ImageObject\",\"inLanguage\":\"es\",\"@id\":\"https:\\\/\\\/www.goodfruit.com\\\/wp-content\\\/uploads\\\/cropped-dininnyShannonMug1-2353163tj-2023gfgTeam-1-96x96.jpg\",\"url\":\"https:\\\/\\\/www.goodfruit.com\\\/wp-content\\\/uploads\\\/cropped-dininnyShannonMug1-2353163tj-2023gfgTeam-1-96x96.jpg\",\"contentUrl\":\"https:\\\/\\\/www.goodfruit.com\\\/wp-content\\\/uploads\\\/cropped-dininnyShannonMug1-2353163tj-2023gfgTeam-1-96x96.jpg\",\"caption\":\"Shannon Dininny\"},\"description\":\"Shannon Dininny is the managing editor of Good Fruit Grower. She writes articles for the print magazine and website and plans and prepares editorial content. -- Follow the author: Office (509) 853-3522 Cell: (509) 834-5321 -- email\",\"sameAs\":[\"https:\\\/\\\/goodfruit.com\"],\"url\":\"https:\\\/\\\/goodfruit.com\\\/es\\\/author\\\/shannon-dininny\\\/\"}]}<\/script>\n<!-- \/ Yoast SEO plugin. -->","yoast_head_json":{"title":"La posici\u00f3n importa al cosechar peras - Good Fruit Grower en Espa\u00f1ol","robots":{"index":"index","follow":"follow","max-snippet":"max-snippet:-1","max-image-preview":"max-image-preview:large","max-video-preview":"max-video-preview:-1"},"canonical":"https:\/\/goodfruit.com\/es\/la-posicion-importa-al-cosechar-peras\/","og_locale":"es_MX","og_type":"article","og_title":"La posici\u00f3n importa al cosechar peras - Good Fruit Grower en Espa\u00f1ol","og_description":"Estudios demuestran que la posici\u00f3n de la pera en el \u00e1rbol juega un papel importante en la maduraci\u00f3n y el almacenamiento de las peras.","og_url":"https:\/\/goodfruit.com\/es\/la-posicion-importa-al-cosechar-peras\/","og_site_name":"Good Fruit Grower en Espa\u00f1ol","article_published_time":"2018-10-18T20:02:08+00:00","article_modified_time":"2021-08-16T21:35:44+00:00","og_image":[{"width":1000,"height":1040,"url":"https:\/\/goodfruit.com\/es\/wp-content\/uploads\/sites\/2\/2018\/10\/pearCanopy3.jpg","type":"image\/jpeg"}],"author":"Shannon Dininny","twitter_card":"summary_large_image","twitter_misc":{"Escrito por":"Shannon Dininny","Tiempo de lectura":"8 minutos"},"schema":{"@context":"https:\/\/schema.org","@graph":[{"@type":"Article","@id":"https:\/\/goodfruit.com\/es\/la-posicion-importa-al-cosechar-peras\/#article","isPartOf":{"@id":"https:\/\/goodfruit.com\/es\/la-posicion-importa-al-cosechar-peras\/"},"author":{"name":"Shannon Dininny","@id":"https:\/\/goodfruit.com\/es\/#\/schema\/person\/aa2a0193ae3d927c7206045009dbbcab"},"headline":"La posici\u00f3n importa al cosechar peras","datePublished":"2018-10-18T20:02:08+00:00","dateModified":"2021-08-16T21:35:44+00:00","mainEntityOfPage":{"@id":"https:\/\/goodfruit.com\/es\/la-posicion-importa-al-cosechar-peras\/"},"wordCount":1522,"publisher":{"@id":"https:\/\/goodfruit.com\/es\/#organization"},"image":{"@id":"https:\/\/goodfruit.com\/es\/la-posicion-importa-al-cosechar-peras\/#primaryimage"},"thumbnailUrl":"https:\/\/goodfruit.com\/es\/wp-content\/uploads\/sites\/2\/2018\/10\/pearCanopy3.jpg","keywords":["Producci\u00f3n","Investigaci\u00f3n","Variedades","Peras"],"articleSection":["Noticias","Peras","Buenos Puntos","Comercio","Nuevos Desarrollos"],"inLanguage":"es"},{"@type":"WebPage","@id":"https:\/\/goodfruit.com\/es\/la-posicion-importa-al-cosechar-peras\/","url":"https:\/\/goodfruit.com\/es\/la-posicion-importa-al-cosechar-peras\/","name":"La posici\u00f3n importa al cosechar peras - Good Fruit Grower en Espa\u00f1ol","isPartOf":{"@id":"https:\/\/goodfruit.com\/es\/#website"},"primaryImageOfPage":{"@id":"https:\/\/goodfruit.com\/es\/la-posicion-importa-al-cosechar-peras\/#primaryimage"},"image":{"@id":"https:\/\/goodfruit.com\/es\/la-posicion-importa-al-cosechar-peras\/#primaryimage"},"thumbnailUrl":"https:\/\/goodfruit.com\/es\/wp-content\/uploads\/sites\/2\/2018\/10\/pearCanopy3.jpg","datePublished":"2018-10-18T20:02:08+00:00","dateModified":"2021-08-16T21:35:44+00:00","breadcrumb":{"@id":"https:\/\/goodfruit.com\/es\/la-posicion-importa-al-cosechar-peras\/#breadcrumb"},"inLanguage":"es","potentialAction":[{"@type":"ReadAction","target":["https:\/\/goodfruit.com\/es\/la-posicion-importa-al-cosechar-peras\/"]}]},{"@type":"ImageObject","inLanguage":"es","@id":"https:\/\/goodfruit.com\/es\/la-posicion-importa-al-cosechar-peras\/#primaryimage","url":"https:\/\/goodfruit.com\/es\/wp-content\/uploads\/sites\/2\/2018\/10\/pearCanopy3.jpg","contentUrl":"https:\/\/goodfruit.com\/es\/wp-content\/uploads\/sites\/2\/2018\/10\/pearCanopy3.jpg","width":1000,"height":1040,"caption":"Estas peras d\u2019Anjou \u201cexternas\u201d (bandeja superior) e \u201cinternas\u201d (bandeja inferior) se mantuvieron a temperatura ambiente durante tres semanas despu\u00e9s de la cosecha en septiembre de 2014. Las peras \u201cexternas\u201d enrojecieron con m\u00e1s amarillamiento y estaban m\u00e1s maduras en comparaci\u00f3n con las peras \u201cinternas\u201d, que estaban m\u00e1s verdes y con una menor maduraci\u00f3n. (Fotos cortes\u00eda de Sara Serra)"},{"@type":"BreadcrumbList","@id":"https:\/\/goodfruit.com\/es\/la-posicion-importa-al-cosechar-peras\/#breadcrumb","itemListElement":[{"@type":"ListItem","position":1,"name":"Home","item":"https:\/\/goodfruit.com\/es\/"},{"@type":"ListItem","position":2,"name":"La posici\u00f3n importa al cosechar peras"}]},{"@type":"WebSite","@id":"https:\/\/goodfruit.com\/es\/#website","url":"https:\/\/goodfruit.com\/es\/","name":"Good Fruit Grower en Espa\u00f1ol","description":"","publisher":{"@id":"https:\/\/goodfruit.com\/es\/#organization"},"potentialAction":[{"@type":"SearchAction","target":{"@type":"EntryPoint","urlTemplate":"https:\/\/goodfruit.com\/es\/?s={search_term_string}"},"query-input":{"@type":"PropertyValueSpecification","valueRequired":true,"valueName":"search_term_string"}}],"inLanguage":"es"},{"@type":"Organization","@id":"https:\/\/goodfruit.com\/es\/#organization","name":"Good Fruit Grower en Espa\u00f1ol","url":"https:\/\/goodfruit.com\/es\/","logo":{"@type":"ImageObject","inLanguage":"es","@id":"https:\/\/goodfruit.com\/es\/#\/schema\/logo\/image\/","url":"https:\/\/goodfruit.com\/es\/wp-content\/uploads\/sites\/2\/2025\/04\/GFG_en_espanol_2025_WEB.png","contentUrl":"https:\/\/goodfruit.com\/es\/wp-content\/uploads\/sites\/2\/2025\/04\/GFG_en_espanol_2025_WEB.png","width":2550,"height":1200,"caption":"Good Fruit Grower en Espa\u00f1ol"},"image":{"@id":"https:\/\/goodfruit.com\/es\/#\/schema\/logo\/image\/"}},{"@type":"Person","@id":"https:\/\/goodfruit.com\/es\/#\/schema\/person\/aa2a0193ae3d927c7206045009dbbcab","name":"Shannon Dininny","image":{"@type":"ImageObject","inLanguage":"es","@id":"https:\/\/www.goodfruit.com\/wp-content\/uploads\/cropped-dininnyShannonMug1-2353163tj-2023gfgTeam-1-96x96.jpg","url":"https:\/\/www.goodfruit.com\/wp-content\/uploads\/cropped-dininnyShannonMug1-2353163tj-2023gfgTeam-1-96x96.jpg","contentUrl":"https:\/\/www.goodfruit.com\/wp-content\/uploads\/cropped-dininnyShannonMug1-2353163tj-2023gfgTeam-1-96x96.jpg","caption":"Shannon Dininny"},"description":"Shannon Dininny is the managing editor of Good Fruit Grower. She writes articles for the print magazine and website and plans and prepares editorial content. -- Follow the author: Office (509) 853-3522 Cell: (509) 834-5321 -- email","sameAs":["https:\/\/goodfruit.com"],"url":"https:\/\/goodfruit.com\/es\/author\/shannon-dininny\/"}]}},"wps_subtitle":"","_links":{"self":[{"href":"https:\/\/goodfruit.com\/es\/wp-json\/wp\/v2\/posts\/1576","targetHints":{"allow":["GET"]}}],"collection":[{"href":"https:\/\/goodfruit.com\/es\/wp-json\/wp\/v2\/posts"}],"about":[{"href":"https:\/\/goodfruit.com\/es\/wp-json\/wp\/v2\/types\/post"}],"author":[{"embeddable":true,"href":"https:\/\/goodfruit.com\/es\/wp-json\/wp\/v2\/users\/29"}],"replies":[{"embeddable":true,"href":"https:\/\/goodfruit.com\/es\/wp-json\/wp\/v2\/comments?post=1576"}],"version-history":[{"count":0,"href":"https:\/\/goodfruit.com\/es\/wp-json\/wp\/v2\/posts\/1576\/revisions"}],"wp:featuredmedia":[{"embeddable":true,"href":"https:\/\/goodfruit.com\/es\/wp-json\/wp\/v2\/media\/1577"}],"wp:attachment":[{"href":"https:\/\/goodfruit.com\/es\/wp-json\/wp\/v2\/media?parent=1576"}],"wp:term":[{"taxonomy":"category","embeddable":true,"href":"https:\/\/goodfruit.com\/es\/wp-json\/wp\/v2\/categories?post=1576"},{"taxonomy":"post_tag","embeddable":true,"href":"https:\/\/goodfruit.com\/es\/wp-json\/wp\/v2\/tags?post=1576"}],"curies":[{"name":"wp","href":"https:\/\/api.w.org\/{rel}","templated":true}]}}