{"id":3079,"date":"2020-10-29T10:15:22","date_gmt":"2020-10-29T17:15:22","guid":{"rendered":"https:\/\/www.goodfruit.com\/es\/?p=3079"},"modified":"2021-08-16T14:34:20","modified_gmt":"2021-08-16T21:34:20","slug":"el-impacto-del-estres-ambiental-en-manzanos","status":"publish","type":"post","link":"https:\/\/goodfruit.com\/es\/el-impacto-del-estres-ambiental-en-manzanos\/","title":{"rendered":"El impacto del estr\u00e9s ambiental en manzanos"},"content":{"rendered":"<p><iframe title=\"El impacto del estr\u00e9s ambiental en manzanos.\" width=\"800\" height=\"450\" src=\"https:\/\/www.youtube.com\/embed\/aIqsbRtT8es?feature=oembed\" frameborder=\"0\" allow=\"accelerometer; autoplay; clipboard-write; encrypted-media; gyroscope; picture-in-picture; web-share\" referrerpolicy=\"strict-origin-when-cross-origin\" allowfullscreen><\/iframe><\/p>\n<p>La estudiante graduada de WSU, Raquel G\u00f3mez, analiza la investigaci\u00f3n que se realiza en la universidad sobre el impacto del estr\u00e9s ambiental en los manzanos.<\/p>\n","protected":false},"excerpt":{"rendered":"<p>La Universidad del Estado de Washington estudia el impacto del estr\u00e9s ambiental en los manzanos.<\/p>\n","protected":false},"author":16,"featured_media":3081,"comment_status":"closed","ping_status":"closed","sticky":false,"template":"","format":"standard","meta":{"_acf_changed":false,"_monsterinsights_skip_tracking":false,"footnotes":""},"categories":[6,49,130,131],"tags":[],"class_list":["post-3079","post","type-post","status-publish","format-standard","has-post-thumbnail","hentry","category-manzanas","category-videos","category-enfermedades","category-manejo-de-cultivos"],"acf":[],"yoast_head":"<!-- This site is optimized with the Yoast SEO plugin v28.3 - https:\/\/yoast.com\/product\/yoast-seo-wordpress\/ -->\n<title>El impacto del estr\u00e9s ambiental en manzanos - Good Fruit Grower en Espa\u00f1ol<\/title>\n<meta name=\"robots\" content=\"index, follow, max-snippet:-1, max-image-preview:large, max-video-preview:-1\" \/>\n<link rel=\"canonical\" href=\"https:\/\/goodfruit.com\/es\/el-impacto-del-estres-ambiental-en-manzanos\/\" \/>\n<meta property=\"og:locale\" content=\"es_MX\" \/>\n<meta property=\"og:type\" content=\"article\" \/>\n<meta property=\"og:title\" content=\"El impacto del estr\u00e9s ambiental en manzanos - Good Fruit Grower en Espa\u00f1ol\" \/>\n<meta property=\"og:description\" content=\"La Universidad del Estado de Washington estudia el impacto del estr\u00e9s ambiental en los manzanos.\" \/>\n<meta property=\"og:url\" content=\"https:\/\/goodfruit.com\/es\/el-impacto-del-estres-ambiental-en-manzanos\/\" \/>\n<meta property=\"og:site_name\" content=\"Good Fruit Grower en Espa\u00f1ol\" \/>\n<meta property=\"article:published_time\" content=\"2020-10-29T17:15:22+00:00\" \/>\n<meta property=\"article:modified_time\" content=\"2021-08-16T21:34:20+00:00\" \/>\n<meta property=\"og:image\" content=\"https:\/\/goodfruit.com\/es\/wp-content\/uploads\/sites\/2\/2020\/10\/RaquelGomez.jpg\" \/>\n\t<meta property=\"og:image:width\" content=\"1000\" \/>\n\t<meta property=\"og:image:height\" content=\"558\" \/>\n\t<meta property=\"og:image:type\" content=\"image\/jpeg\" \/>\n<meta name=\"author\" content=\"Good Fruit Grower\" \/>\n<meta name=\"twitter:card\" content=\"summary_large_image\" \/>\n<meta name=\"twitter:label1\" content=\"Escrito por\" \/>\n\t<meta name=\"twitter:data1\" content=\"Good Fruit Grower\" \/>\n<script type=\"application\/ld+json\" class=\"yoast-schema-graph\">{\"@context\":\"https:\\\/\\\/schema.org\",\"@graph\":[{\"@type\":\"Article\",\"@id\":\"https:\\\/\\\/goodfruit.com\\\/es\\\/el-impacto-del-estres-ambiental-en-manzanos\\\/#article\",\"isPartOf\":{\"@id\":\"https:\\\/\\\/goodfruit.com\\\/es\\\/el-impacto-del-estres-ambiental-en-manzanos\\\/\"},\"author\":{\"name\":\"Good Fruit Grower\",\"@id\":\"https:\\\/\\\/goodfruit.com\\\/es\\\/#\\\/schema\\\/person\\\/2ce208cd43c4be4b19d91002a83a97ed\"},\"headline\":\"El impacto del estr\u00e9s ambiental en manzanos\",\"datePublished\":\"2020-10-29T17:15:22+00:00\",\"dateModified\":\"2021-08-16T21:34:20+00:00\",\"mainEntityOfPage\":{\"@id\":\"https:\\\/\\\/goodfruit.com\\\/es\\\/el-impacto-del-estres-ambiental-en-manzanos\\\/\"},\"wordCount\":41,\"publisher\":{\"@id\":\"https:\\\/\\\/goodfruit.com\\\/es\\\/#organization\"},\"image\":{\"@id\":\"https:\\\/\\\/goodfruit.com\\\/es\\\/el-impacto-del-estres-ambiental-en-manzanos\\\/#primaryimage\"},\"thumbnailUrl\":\"https:\\\/\\\/goodfruit.com\\\/es\\\/wp-content\\\/uploads\\\/sites\\\/2\\\/2020\\\/10\\\/RaquelGomez.jpg\",\"articleSection\":[\"Manzanas\",\"V\u00eddeos\",\"Enfermedades\",\"Manejo de cultivos\"],\"inLanguage\":\"es\"},{\"@type\":\"WebPage\",\"@id\":\"https:\\\/\\\/goodfruit.com\\\/es\\\/el-impacto-del-estres-ambiental-en-manzanos\\\/\",\"url\":\"https:\\\/\\\/goodfruit.com\\\/es\\\/el-impacto-del-estres-ambiental-en-manzanos\\\/\",\"name\":\"El impacto del estr\u00e9s ambiental en manzanos - Good Fruit Grower en Espa\u00f1ol\",\"isPartOf\":{\"@id\":\"https:\\\/\\\/goodfruit.com\\\/es\\\/#website\"},\"primaryImageOfPage\":{\"@id\":\"https:\\\/\\\/goodfruit.com\\\/es\\\/el-impacto-del-estres-ambiental-en-manzanos\\\/#primaryimage\"},\"image\":{\"@id\":\"https:\\\/\\\/goodfruit.com\\\/es\\\/el-impacto-del-estres-ambiental-en-manzanos\\\/#primaryimage\"},\"thumbnailUrl\":\"https:\\\/\\\/goodfruit.com\\\/es\\\/wp-content\\\/uploads\\\/sites\\\/2\\\/2020\\\/10\\\/RaquelGomez.jpg\",\"datePublished\":\"2020-10-29T17:15:22+00:00\",\"dateModified\":\"2021-08-16T21:34:20+00:00\",\"breadcrumb\":{\"@id\":\"https:\\\/\\\/goodfruit.com\\\/es\\\/el-impacto-del-estres-ambiental-en-manzanos\\\/#breadcrumb\"},\"inLanguage\":\"es\",\"potentialAction\":[{\"@type\":\"ReadAction\",\"target\":[\"https:\\\/\\\/goodfruit.com\\\/es\\\/el-impacto-del-estres-ambiental-en-manzanos\\\/\"]}]},{\"@type\":\"ImageObject\",\"inLanguage\":\"es\",\"@id\":\"https:\\\/\\\/goodfruit.com\\\/es\\\/el-impacto-del-estres-ambiental-en-manzanos\\\/#primaryimage\",\"url\":\"https:\\\/\\\/goodfruit.com\\\/es\\\/wp-content\\\/uploads\\\/sites\\\/2\\\/2020\\\/10\\\/RaquelGomez.jpg\",\"contentUrl\":\"https:\\\/\\\/goodfruit.com\\\/es\\\/wp-content\\\/uploads\\\/sites\\\/2\\\/2020\\\/10\\\/RaquelGomez.jpg\",\"width\":1000,\"height\":558},{\"@type\":\"BreadcrumbList\",\"@id\":\"https:\\\/\\\/goodfruit.com\\\/es\\\/el-impacto-del-estres-ambiental-en-manzanos\\\/#breadcrumb\",\"itemListElement\":[{\"@type\":\"ListItem\",\"position\":1,\"name\":\"Home\",\"item\":\"https:\\\/\\\/goodfruit.com\\\/es\\\/\"},{\"@type\":\"ListItem\",\"position\":2,\"name\":\"El impacto del estr\u00e9s ambiental en manzanos\"}]},{\"@type\":\"WebSite\",\"@id\":\"https:\\\/\\\/goodfruit.com\\\/es\\\/#website\",\"url\":\"https:\\\/\\\/goodfruit.com\\\/es\\\/\",\"name\":\"Good Fruit Grower en Espa\u00f1ol\",\"description\":\"\",\"publisher\":{\"@id\":\"https:\\\/\\\/goodfruit.com\\\/es\\\/#organization\"},\"potentialAction\":[{\"@type\":\"SearchAction\",\"target\":{\"@type\":\"EntryPoint\",\"urlTemplate\":\"https:\\\/\\\/goodfruit.com\\\/es\\\/?s={search_term_string}\"},\"query-input\":{\"@type\":\"PropertyValueSpecification\",\"valueRequired\":true,\"valueName\":\"search_term_string\"}}],\"inLanguage\":\"es\"},{\"@type\":\"Organization\",\"@id\":\"https:\\\/\\\/goodfruit.com\\\/es\\\/#organization\",\"name\":\"Good Fruit Grower en Espa\u00f1ol\",\"url\":\"https:\\\/\\\/goodfruit.com\\\/es\\\/\",\"logo\":{\"@type\":\"ImageObject\",\"inLanguage\":\"es\",\"@id\":\"https:\\\/\\\/goodfruit.com\\\/es\\\/#\\\/schema\\\/logo\\\/image\\\/\",\"url\":\"https:\\\/\\\/goodfruit.com\\\/es\\\/wp-content\\\/uploads\\\/sites\\\/2\\\/2025\\\/04\\\/GFG_en_espanol_2025_WEB.png\",\"contentUrl\":\"https:\\\/\\\/goodfruit.com\\\/es\\\/wp-content\\\/uploads\\\/sites\\\/2\\\/2025\\\/04\\\/GFG_en_espanol_2025_WEB.png\",\"width\":2550,\"height\":1200,\"caption\":\"Good Fruit Grower en Espa\u00f1ol\"},\"image\":{\"@id\":\"https:\\\/\\\/goodfruit.com\\\/es\\\/#\\\/schema\\\/logo\\\/image\\\/\"}},{\"@type\":\"Person\",\"@id\":\"https:\\\/\\\/goodfruit.com\\\/es\\\/#\\\/schema\\\/person\\\/2ce208cd43c4be4b19d91002a83a97ed\",\"name\":\"Good Fruit Grower\",\"image\":{\"@type\":\"ImageObject\",\"inLanguage\":\"es\",\"@id\":\"https:\\\/\\\/goodfruit.com\\\/wp-content\\\/uploads\\\/1175154_607332252638175_34211794_n-96x96.png\",\"url\":\"https:\\\/\\\/goodfruit.com\\\/wp-content\\\/uploads\\\/1175154_607332252638175_34211794_n-96x96.png\",\"contentUrl\":\"https:\\\/\\\/goodfruit.com\\\/wp-content\\\/uploads\\\/1175154_607332252638175_34211794_n-96x96.png\",\"caption\":\"Good Fruit Grower\"},\"description\":\"Good Fruit Grower is the essential resource for the tree fruit and grape growing industry. Keep up to date by signing up for our weekly Fresh Bites newsletter.\",\"url\":\"https:\\\/\\\/goodfruit.com\\\/es\\\/author\\\/good-fruit-grower\\\/\"}]}<\/script>\n<!-- \/ Yoast SEO plugin. -->","yoast_head_json":{"title":"El impacto del estr\u00e9s ambiental en manzanos - Good Fruit Grower en Espa\u00f1ol","robots":{"index":"index","follow":"follow","max-snippet":"max-snippet:-1","max-image-preview":"max-image-preview:large","max-video-preview":"max-video-preview:-1"},"canonical":"https:\/\/goodfruit.com\/es\/el-impacto-del-estres-ambiental-en-manzanos\/","og_locale":"es_MX","og_type":"article","og_title":"El impacto del estr\u00e9s ambiental en manzanos - Good Fruit Grower en Espa\u00f1ol","og_description":"La Universidad del Estado de Washington estudia el impacto del estr\u00e9s ambiental en los manzanos.","og_url":"https:\/\/goodfruit.com\/es\/el-impacto-del-estres-ambiental-en-manzanos\/","og_site_name":"Good Fruit Grower en Espa\u00f1ol","article_published_time":"2020-10-29T17:15:22+00:00","article_modified_time":"2021-08-16T21:34:20+00:00","og_image":[{"width":1000,"height":558,"url":"https:\/\/goodfruit.com\/es\/wp-content\/uploads\/sites\/2\/2020\/10\/RaquelGomez.jpg","type":"image\/jpeg"}],"author":"Good Fruit Grower","twitter_card":"summary_large_image","twitter_misc":{"Escrito por":"Good Fruit Grower"},"schema":{"@context":"https:\/\/schema.org","@graph":[{"@type":"Article","@id":"https:\/\/goodfruit.com\/es\/el-impacto-del-estres-ambiental-en-manzanos\/#article","isPartOf":{"@id":"https:\/\/goodfruit.com\/es\/el-impacto-del-estres-ambiental-en-manzanos\/"},"author":{"name":"Good Fruit Grower","@id":"https:\/\/goodfruit.com\/es\/#\/schema\/person\/2ce208cd43c4be4b19d91002a83a97ed"},"headline":"El impacto del estr\u00e9s ambiental en manzanos","datePublished":"2020-10-29T17:15:22+00:00","dateModified":"2021-08-16T21:34:20+00:00","mainEntityOfPage":{"@id":"https:\/\/goodfruit.com\/es\/el-impacto-del-estres-ambiental-en-manzanos\/"},"wordCount":41,"publisher":{"@id":"https:\/\/goodfruit.com\/es\/#organization"},"image":{"@id":"https:\/\/goodfruit.com\/es\/el-impacto-del-estres-ambiental-en-manzanos\/#primaryimage"},"thumbnailUrl":"https:\/\/goodfruit.com\/es\/wp-content\/uploads\/sites\/2\/2020\/10\/RaquelGomez.jpg","articleSection":["Manzanas","V\u00eddeos","Enfermedades","Manejo de cultivos"],"inLanguage":"es"},{"@type":"WebPage","@id":"https:\/\/goodfruit.com\/es\/el-impacto-del-estres-ambiental-en-manzanos\/","url":"https:\/\/goodfruit.com\/es\/el-impacto-del-estres-ambiental-en-manzanos\/","name":"El impacto del estr\u00e9s ambiental en manzanos - Good Fruit Grower en Espa\u00f1ol","isPartOf":{"@id":"https:\/\/goodfruit.com\/es\/#website"},"primaryImageOfPage":{"@id":"https:\/\/goodfruit.com\/es\/el-impacto-del-estres-ambiental-en-manzanos\/#primaryimage"},"image":{"@id":"https:\/\/goodfruit.com\/es\/el-impacto-del-estres-ambiental-en-manzanos\/#primaryimage"},"thumbnailUrl":"https:\/\/goodfruit.com\/es\/wp-content\/uploads\/sites\/2\/2020\/10\/RaquelGomez.jpg","datePublished":"2020-10-29T17:15:22+00:00","dateModified":"2021-08-16T21:34:20+00:00","breadcrumb":{"@id":"https:\/\/goodfruit.com\/es\/el-impacto-del-estres-ambiental-en-manzanos\/#breadcrumb"},"inLanguage":"es","potentialAction":[{"@type":"ReadAction","target":["https:\/\/goodfruit.com\/es\/el-impacto-del-estres-ambiental-en-manzanos\/"]}]},{"@type":"ImageObject","inLanguage":"es","@id":"https:\/\/goodfruit.com\/es\/el-impacto-del-estres-ambiental-en-manzanos\/#primaryimage","url":"https:\/\/goodfruit.com\/es\/wp-content\/uploads\/sites\/2\/2020\/10\/RaquelGomez.jpg","contentUrl":"https:\/\/goodfruit.com\/es\/wp-content\/uploads\/sites\/2\/2020\/10\/RaquelGomez.jpg","width":1000,"height":558},{"@type":"BreadcrumbList","@id":"https:\/\/goodfruit.com\/es\/el-impacto-del-estres-ambiental-en-manzanos\/#breadcrumb","itemListElement":[{"@type":"ListItem","position":1,"name":"Home","item":"https:\/\/goodfruit.com\/es\/"},{"@type":"ListItem","position":2,"name":"El impacto del estr\u00e9s ambiental en manzanos"}]},{"@type":"WebSite","@id":"https:\/\/goodfruit.com\/es\/#website","url":"https:\/\/goodfruit.com\/es\/","name":"Good Fruit Grower en Espa\u00f1ol","description":"","publisher":{"@id":"https:\/\/goodfruit.com\/es\/#organization"},"potentialAction":[{"@type":"SearchAction","target":{"@type":"EntryPoint","urlTemplate":"https:\/\/goodfruit.com\/es\/?s={search_term_string}"},"query-input":{"@type":"PropertyValueSpecification","valueRequired":true,"valueName":"search_term_string"}}],"inLanguage":"es"},{"@type":"Organization","@id":"https:\/\/goodfruit.com\/es\/#organization","name":"Good Fruit Grower en Espa\u00f1ol","url":"https:\/\/goodfruit.com\/es\/","logo":{"@type":"ImageObject","inLanguage":"es","@id":"https:\/\/goodfruit.com\/es\/#\/schema\/logo\/image\/","url":"https:\/\/goodfruit.com\/es\/wp-content\/uploads\/sites\/2\/2025\/04\/GFG_en_espanol_2025_WEB.png","contentUrl":"https:\/\/goodfruit.com\/es\/wp-content\/uploads\/sites\/2\/2025\/04\/GFG_en_espanol_2025_WEB.png","width":2550,"height":1200,"caption":"Good Fruit Grower en Espa\u00f1ol"},"image":{"@id":"https:\/\/goodfruit.com\/es\/#\/schema\/logo\/image\/"}},{"@type":"Person","@id":"https:\/\/goodfruit.com\/es\/#\/schema\/person\/2ce208cd43c4be4b19d91002a83a97ed","name":"Good Fruit Grower","image":{"@type":"ImageObject","inLanguage":"es","@id":"https:\/\/goodfruit.com\/wp-content\/uploads\/1175154_607332252638175_34211794_n-96x96.png","url":"https:\/\/goodfruit.com\/wp-content\/uploads\/1175154_607332252638175_34211794_n-96x96.png","contentUrl":"https:\/\/goodfruit.com\/wp-content\/uploads\/1175154_607332252638175_34211794_n-96x96.png","caption":"Good Fruit Grower"},"description":"Good Fruit Grower is the essential resource for the tree fruit and grape growing industry. Keep up to date by signing up for our weekly Fresh Bites newsletter.","url":"https:\/\/goodfruit.com\/es\/author\/good-fruit-grower\/"}]}},"wps_subtitle":"","_links":{"self":[{"href":"https:\/\/goodfruit.com\/es\/wp-json\/wp\/v2\/posts\/3079","targetHints":{"allow":["GET"]}}],"collection":[{"href":"https:\/\/goodfruit.com\/es\/wp-json\/wp\/v2\/posts"}],"about":[{"href":"https:\/\/goodfruit.com\/es\/wp-json\/wp\/v2\/types\/post"}],"author":[{"embeddable":true,"href":"https:\/\/goodfruit.com\/es\/wp-json\/wp\/v2\/users\/16"}],"replies":[{"embeddable":true,"href":"https:\/\/goodfruit.com\/es\/wp-json\/wp\/v2\/comments?post=3079"}],"version-history":[{"count":0,"href":"https:\/\/goodfruit.com\/es\/wp-json\/wp\/v2\/posts\/3079\/revisions"}],"wp:featuredmedia":[{"embeddable":true,"href":"https:\/\/goodfruit.com\/es\/wp-json\/wp\/v2\/media\/3081"}],"wp:attachment":[{"href":"https:\/\/goodfruit.com\/es\/wp-json\/wp\/v2\/media?parent=3079"}],"wp:term":[{"taxonomy":"category","embeddable":true,"href":"https:\/\/goodfruit.com\/es\/wp-json\/wp\/v2\/categories?post=3079"},{"taxonomy":"post_tag","embeddable":true,"href":"https:\/\/goodfruit.com\/es\/wp-json\/wp\/v2\/tags?post=3079"}],"curies":[{"name":"wp","href":"https:\/\/api.w.org\/{rel}","templated":true}]}}