{"id":3754,"date":"2022-02-16T13:08:15","date_gmt":"2022-02-16T21:08:15","guid":{"rendered":"https:\/\/www.goodfruit.com\/es\/?p=3754"},"modified":"2022-06-16T10:41:35","modified_gmt":"2022-06-16T17:41:35","slug":"gestion-de-la-carga-frutal-manejo-de-cultivos-en-primavera","status":"publish","type":"post","link":"https:\/\/goodfruit.com\/es\/gestion-de-la-carga-frutal-manejo-de-cultivos-en-primavera\/","title":{"rendered":"Gesti\u00f3n de la carga frutal: Manejo de cultivos en primavera"},"content":{"rendered":"\n<figure class=\"wp-block-embed is-type-video is-provider-youtube wp-block-embed-youtube wp-embed-aspect-16-9 wp-has-aspect-ratio\"><div class=\"wp-block-embed__wrapper\">\n<iframe title=\"Gesti\u00f3n de la carga frutal: Manejo de cultivos en primavera\" width=\"800\" height=\"450\" src=\"https:\/\/www.youtube.com\/embed\/lV8YLLFxxTc?feature=oembed\" frameborder=\"0\" allow=\"accelerometer; autoplay; clipboard-write; encrypted-media; gyroscope; picture-in-picture; web-share\" referrerpolicy=\"strict-origin-when-cross-origin\" allowfullscreen><\/iframe>\n<\/div><\/figure>\n\n\n\n<p class=\"wp-block-paragraph\"><\/p>\n\n\n\n<blockquote class=\"wp-block-quote is-layout-flow wp-block-quote-is-layout-flow\"><p>Como parte de una serie producida por Good Fruit Grower, esta es una mirada a las tareas de gesti\u00f3n de la carga del cultivo realizadas en primavera. Con la ayuda de los expertos del sector Ofelio Borges y Dave Gleason, la serie ofrecer\u00e1 una introducci\u00f3n y consejos para gestionar la carga del cultivo mediante la poda de invierno, el aclareo de primavera, las herramientas disponibles en verano y las observaciones o ajustes realizados en oto\u00f1o.<\/p><\/blockquote>\n\n\n\t\t\t<div class=\"related-horizontal  alignright\">\r\n\t\t\t\t\t\t\t\t\t<!--<h2 class=\"--name\"><\/h2>-->\r\n\t\t\t\t\t<strong class=\"related-horizontal--name\">Relacionado:<\/strong>\r\n\t\t\t\t\t\t\t\t<div class=\"related-horizontal--posts\">\r\n\t\t\t\t\t\t\t\t\t\t\t<div class=\"related-horizontal--post\">\r\n\t\t\t\t\t\t\t<a href=\"https:\/\/goodfruit.com\/es\/gestion-de-la-carga-frutal-introduccion\/\" target=\"_blank\">\r\n\t\t\t\t\t\t\t\t<img fetchpriority=\"high\" decoding=\"async\" width=\"300\" height=\"196\" src=\"https:\/\/goodfruit.com\/es\/wp-content\/uploads\/sites\/2\/2021\/11\/spanishVideoCropLoadManagementIntro-300x196.jpg\" class=\"related-horizontal--image wp-post-image\" alt=\"\" srcset=\"https:\/\/goodfruit.com\/es\/wp-content\/uploads\/sites\/2\/2021\/11\/spanishVideoCropLoadManagementIntro-300x196.jpg 300w, https:\/\/goodfruit.com\/es\/wp-content\/uploads\/sites\/2\/2021\/11\/spanishVideoCropLoadManagementIntro-768x502.jpg 768w, https:\/\/goodfruit.com\/es\/wp-content\/uploads\/sites\/2\/2021\/11\/spanishVideoCropLoadManagementIntro-200x131.jpg 200w, https:\/\/goodfruit.com\/es\/wp-content\/uploads\/sites\/2\/2021\/11\/spanishVideoCropLoadManagementIntro-400x261.jpg 400w, https:\/\/goodfruit.com\/es\/wp-content\/uploads\/sites\/2\/2021\/11\/spanishVideoCropLoadManagementIntro-600x392.jpg 600w, https:\/\/goodfruit.com\/es\/wp-content\/uploads\/sites\/2\/2021\/11\/spanishVideoCropLoadManagementIntro-800x522.jpg 800w, https:\/\/goodfruit.com\/es\/wp-content\/uploads\/sites\/2\/2021\/11\/spanishVideoCropLoadManagementIntro.jpg 1000w\" sizes=\"(max-width: 300px) 100vw, 300px\" \/>\t\t\t\t\t\t\t\t<span class=\"related-horizontal--title\">Gesti\u00f3n de la carga frutal: Introducci\u00f3n<\/span>\r\n\t\t\t\t\t\t\t<\/a>\r\n\t\t\t\t\t\t<\/div>\r\n\t\t\t\t\t\t\t\t\t<\/div>\r\n\t\t\t<\/div>\r\n        \n\n\n<p class=\"wp-block-paragraph\"><strong>Ofelio:<\/strong> Bueno, pues continuamos con nuestra conversaci\u00f3n, David. A m\u00ed me ha parecido muy interesante. Much\u00edsimas gracias otra vez por compartir un poco de lo mucho que sabes con nosotros.<\/p>\n\n\n\n<p class=\"wp-block-paragraph\"><strong>David:<\/strong> Es un placer estar aqu\u00ed contigo, mi amigo.<\/p>\n\n\n\n<p class=\"wp-block-paragraph\"><strong>Ofelio:<\/strong> Gracias. Habl\u00e1bamos interiormente sobre las herramientas que se ten\u00edan para lograr un buen control de la carga de producciones de frutales. Ya nos mencionaste un poco sobre lo que podemos hacer en el invierno. Me parece a m\u00ed que la temporada de la primavera es una temporada muy importante para poder lograr una carga ideal en los \u00e1rboles frutales. \u00bfQu\u00e9 nos puedes decir al respecto? \u00bfCu\u00e1les son las herramientas que los productores pueden tener para usar y para poder lograr ese objetivo de una buena carga de producciones de frutales?<\/p>\n\n\n\t\t\t<div class=\"related-horizontal  alignright\">\r\n\t\t\t\t\t\t\t\t\t<!--<h2 class=\"--name\"><\/h2>-->\r\n\t\t\t\t\t<strong class=\"related-horizontal--name\">Relacionado:<\/strong>\r\n\t\t\t\t\t\t\t\t<div class=\"related-horizontal--posts\">\r\n\t\t\t\t\t\t\t\t\t\t\t<div class=\"related-horizontal--post\">\r\n\t\t\t\t\t\t\t<a href=\"https:\/\/goodfruit.com\/es\/consejos-para-la-poda-de-invierno-la-gestion-de-la-carga-frutal\/\" target=\"_blank\">\r\n\t\t\t\t\t\t\t\t<img decoding=\"async\" width=\"300\" height=\"196\" src=\"https:\/\/goodfruit.com\/es\/wp-content\/uploads\/sites\/2\/2021\/11\/spanishVideoCropLoadManagementWinter-300x196.jpg\" class=\"related-horizontal--image wp-post-image\" alt=\"\" srcset=\"https:\/\/goodfruit.com\/es\/wp-content\/uploads\/sites\/2\/2021\/11\/spanishVideoCropLoadManagementWinter-300x196.jpg 300w, https:\/\/goodfruit.com\/es\/wp-content\/uploads\/sites\/2\/2021\/11\/spanishVideoCropLoadManagementWinter-768x501.jpg 768w, https:\/\/goodfruit.com\/es\/wp-content\/uploads\/sites\/2\/2021\/11\/spanishVideoCropLoadManagementWinter-200x130.jpg 200w, https:\/\/goodfruit.com\/es\/wp-content\/uploads\/sites\/2\/2021\/11\/spanishVideoCropLoadManagementWinter-400x261.jpg 400w, https:\/\/goodfruit.com\/es\/wp-content\/uploads\/sites\/2\/2021\/11\/spanishVideoCropLoadManagementWinter-600x391.jpg 600w, https:\/\/goodfruit.com\/es\/wp-content\/uploads\/sites\/2\/2021\/11\/spanishVideoCropLoadManagementWinter-800x522.jpg 800w, https:\/\/goodfruit.com\/es\/wp-content\/uploads\/sites\/2\/2021\/11\/spanishVideoCropLoadManagementWinter.jpg 1000w\" sizes=\"(max-width: 300px) 100vw, 300px\" \/>\t\t\t\t\t\t\t\t<span class=\"related-horizontal--title\">Consejos para la poda de invierno: La gesti\u00f3n de la carga frutal<\/span>\r\n\t\t\t\t\t\t\t<\/a>\r\n\t\t\t\t\t\t<\/div>\r\n\t\t\t\t\t\t\t\t\t<\/div>\r\n\t\t\t<\/div>\r\n        \n\n\n<p class=\"wp-block-paragraph\"><strong>David:<\/strong> Hablamos del raleo en realidad y hay varios modos de hacerlo. Primero, tiene que asegurar que tiene buena protecci\u00f3n y tambi\u00e9n un buen plan porque la primavera es una temporada muy ocupada. Trabajamos 24 horas y siete d\u00edas normalmente durante esta temporada a ver miento que tenemos primero las manos de la gente y a veces gastamos tiempo en quitar la flor y ese es un raleo muy caro.<\/p>\n\n\n\n<p class=\"wp-block-paragraph\"><strong>Ofelio:<\/strong> Correcto, el raleo a mano. Hablamos del raleo a mano.<\/p>\n\n\n\n<p class=\"wp-block-paragraph\"><strong>David:<\/strong> S\u00ed, s\u00ed. Por eso siempre empezamos mejor con raleo qu\u00edmico y hay varios productos que usamos durante esa temporada.<\/p>\n\n\n\n<p class=\"wp-block-paragraph\"><strong>Ofelio:<\/strong> Que bien. Supongo que el raleo qu\u00edmico es un tanto riesgoso, \u00bfno? Porque tienes muchos problemas o hay muchas posibles razones por las que t\u00fa raleo qu\u00edmico no funcione o porque funcione de m\u00e1s. \u00bfHay variedades m\u00e1s susceptibles al raleo qu\u00edmico que otras? \u00bfQu\u00e9 precauciones tiene que tener la persona al utilizar raledores qu\u00edmicos?<\/p>\n\n\n\t\t\t<div class=\"related-horizontal  alignright\">\r\n\t\t\t\t\t\t\t\t\t<!--<h2 class=\"--name\"><\/h2>-->\r\n\t\t\t\t\t<strong class=\"related-horizontal--name\">Relacionado:<\/strong>\r\n\t\t\t\t\t\t\t\t<div class=\"related-horizontal--posts\">\r\n\t\t\t\t\t\t\t\t\t\t\t<div class=\"related-horizontal--post\">\r\n\t\t\t\t\t\t\t<a href=\"https:\/\/goodfruit.com\/es\/gestion-de-la-carga-frutal-manejo-de-cultivos-en-verano\/\" target=\"_blank\">\r\n\t\t\t\t\t\t\t\t<img decoding=\"async\" width=\"300\" height=\"168\" src=\"https:\/\/goodfruit.com\/es\/wp-content\/uploads\/sites\/2\/2022\/06\/cropManagementSummerES-300x168.jpg\" class=\"related-horizontal--image wp-post-image\" alt=\"\" srcset=\"https:\/\/goodfruit.com\/es\/wp-content\/uploads\/sites\/2\/2022\/06\/cropManagementSummerES-300x168.jpg 300w, https:\/\/goodfruit.com\/es\/wp-content\/uploads\/sites\/2\/2022\/06\/cropManagementSummerES-768x429.jpg 768w, https:\/\/goodfruit.com\/es\/wp-content\/uploads\/sites\/2\/2022\/06\/cropManagementSummerES-200x112.jpg 200w, https:\/\/goodfruit.com\/es\/wp-content\/uploads\/sites\/2\/2022\/06\/cropManagementSummerES-400x224.jpg 400w, https:\/\/goodfruit.com\/es\/wp-content\/uploads\/sites\/2\/2022\/06\/cropManagementSummerES-600x335.jpg 600w, https:\/\/goodfruit.com\/es\/wp-content\/uploads\/sites\/2\/2022\/06\/cropManagementSummerES-800x447.jpg 800w, https:\/\/goodfruit.com\/es\/wp-content\/uploads\/sites\/2\/2022\/06\/cropManagementSummerES.jpg 1000w\" sizes=\"(max-width: 300px) 100vw, 300px\" \/>\t\t\t\t\t\t\t\t<span class=\"related-horizontal--title\">Gesti\u00f3n de la carga frutal: Manejo de cultivos en verano<\/span>\r\n\t\t\t\t\t\t\t<\/a>\r\n\t\t\t\t\t\t<\/div>\r\n\t\t\t\t\t\t\t\t\t<\/div>\r\n\t\t\t<\/div>\r\n        \n\n\n<p class=\"wp-block-paragraph\"><strong>David:<\/strong> Hay muchos detalles, como dijiste y muy importante que agarra la informaci\u00f3n que puede de horticulturistas y la experiencia en la huerta, las clases de fruta que tienen, porque cada ra\u00edz, cada clase es diferente como responde. Hay clases como Granny Smith que son en realidad muy f\u00e1cil para realizar demasiado. Otras como Fuji y Golden tan dif\u00edciles que necesitan muchas aplicaciones con dosis fuertes de los productos que usamos. El horario es importante. Se quiere asegurar que la abeja ha hecho su trabajo en la flor antes de aplicar algunos pero a veces con los primeros productos que usamos el producto quema la flor antes de que llegue la abeja. Entonces los detalles de horario son muy importantes tambi\u00e9n en el uso de estos productos.&nbsp;<\/p>\n\n\n\n<p class=\"wp-block-paragraph\"><strong>Ofelio:<\/strong> Creo que otro factor bien importante es el factor climatol\u00f3gico, \u00bfno? Si no se tiene el clima ideal, que generalmente en el invierno o, perd\u00f3n, en la primavera, es algo dif\u00edcil de lograr, pues no funcionan los productos qu\u00edmicos, \u00bfno? \u00bfQu\u00e9 papel juega el clima en el raleo de la flor usando qu\u00edmicos?&nbsp;<\/p>\n\n\n\n<p class=\"wp-block-paragraph\"><strong>David:<\/strong> Eso es muy importante porque si, como dices, el clima no est\u00e1 bien, porque si hace mucho fr\u00edo se puede quemar la flor. Entonces, si ya ha quitado flor, no necesita quitar tanto con las siguientes aplicaciones. Pero, normalmente, eso en realidad no es problema. M\u00e1s que nada nuestro miedo m\u00e1s grande es que no podemos alcanzar la meta que queremos porque el clima, cuando es algo fr\u00edo, los productos no est\u00e1n tan fuertes. Y si no tenemos temperaturas m\u00e1s altas, no funcionan como queremos y al final gastamos mucho en el raleo por mano.<\/p>\n\n\n\n<p class=\"wp-block-paragraph\">S\u00ed, entonces hablamos que un productor tiene la herramienta del raleo a mano y el raleo utilizando qu\u00edmicos, pero con la utilizaci\u00f3n de qu\u00edmicos hay bastantes factores que juegan un papel importante en lograr un buen raleo o no lograr un buen raleo. Despu\u00e9s de que fecunda la flor, tenemos herramientas para poder realizar durante la primavera un raleo adicional si no se logr\u00f3, digamos, un raleo ideal durante la floraci\u00f3n.<\/p>\n\n\n\n<p class=\"wp-block-paragraph\">S\u00ed. Comenzamos con estos productos que queman la flor pero despu\u00e9s hay otros productos que causan que el \u00e1rbol permita que fruta caiga o casi tira fruta del \u00e1rbol. Y con calor, esos productos tambi\u00e9n trabajan mejor pero tiene que decidir cu\u00e1l es la dosis, cu\u00e1l es la clase que se aplica con cu\u00e1ntos galones por acre y con qu\u00e9 frecuencia, porque se puede hacer tres hasta cuatro aplicaciones despu\u00e9s de la floraci\u00f3n de estos productos tambi\u00e9n.<\/p>\n\n\n\n<p class=\"wp-block-paragraph\"><strong>Ofelio:<\/strong> \u00bfY qu\u00e9 consecuencias tenemos si no logramos un buen raleo durante la primavera existen consecuencias graves, digamos, en que no tengamos suficiente flor el siguiente a\u00f1o, o es algo que se tiene que tomar en cuenta?&nbsp;<\/p>\n\n\n\n<p class=\"wp-block-paragraph\"><strong>David: <\/strong>Oh, s\u00ed. Y lo m\u00e1s temprano en el a\u00f1o que le quite la competencia, la mejor chance que tiene de tener fruta de buena carga en el a\u00f1o que entra, porque el \u00e1rbol con mucha flor le gusta descansar un a\u00f1o. Y algunos como Fuji son ejemplos que no quieren fruta cada a\u00f1o, pero mejor un a\u00f1o s\u00ed, un a\u00f1o no. Y la competencia afecta la calidad de la fruta, del tama\u00f1o en especial. Est\u00e1 m\u00e1s chica cuando [hay] mucha fruta en el \u00e1rbol, y podemos hacerlo por mano, pero lo m\u00e1s tarde que llega en ese horario, lo menos resultados que tenemos en el tama\u00f1o de la fruta.<\/p>\n\n\n\n<p class=\"wp-block-paragraph\"><strong>Ofelio:<\/strong> Perfecto. Bueno, muy interesante, much\u00edsimas gracias. Nuevamente, he aprendido bastante, bastante de ti, muchas gracias por compartir lo que sabes.<\/p>\n\n\n\n<p class=\"wp-block-paragraph\"><strong>David:<\/strong> Muy amable.<\/p>\n\n\n\n<p class=\"wp-block-paragraph\"><strong>Ofelio:<\/strong> Gracias.<\/p>\n","protected":false},"excerpt":{"rendered":"<p>Como parte de una serie producida por Good Fruit Grower, esta es una mirada a las tareas de gesti\u00f3n de la carga del cultivo realizadas en primavera. Con la ayuda de los expertos del sector Ofelio Borges y Dave Gleason, la serie ofrecer\u00e1 una introducci\u00f3n y consejos para gestionar la carga del cultivo mediante la [&hellip;]<\/p>\n","protected":false},"author":16,"featured_media":3755,"comment_status":"closed","ping_status":"open","sticky":false,"template":"","format":"standard","meta":{"_acf_changed":false,"_monsterinsights_skip_tracking":false,"footnotes":""},"categories":[6,49,131],"tags":[],"class_list":["post-3754","post","type-post","status-publish","format-standard","has-post-thumbnail","hentry","category-manzanas","category-videos","category-manejo-de-cultivos"],"acf":[],"yoast_head":"<!-- This site is optimized with the Yoast SEO plugin v28.3 - https:\/\/yoast.com\/product\/yoast-seo-wordpress\/ -->\n<title>Gesti\u00f3n de la carga frutal: Manejo de cultivos en primavera - Good Fruit Grower en Espa\u00f1ol<\/title>\n<meta name=\"robots\" content=\"index, follow, max-snippet:-1, max-image-preview:large, max-video-preview:-1\" \/>\n<link rel=\"canonical\" href=\"https:\/\/goodfruit.com\/es\/gestion-de-la-carga-frutal-manejo-de-cultivos-en-primavera\/\" \/>\n<meta property=\"og:locale\" content=\"es_MX\" \/>\n<meta property=\"og:type\" content=\"article\" \/>\n<meta property=\"og:title\" content=\"Gesti\u00f3n de la carga frutal: Manejo de cultivos en primavera - Good Fruit Grower en Espa\u00f1ol\" \/>\n<meta property=\"og:description\" content=\"Como parte de una serie producida por Good Fruit Grower, esta es una mirada a las tareas de gesti\u00f3n de la carga del cultivo realizadas en primavera. Con la ayuda de los expertos del sector Ofelio Borges y Dave Gleason, la serie ofrecer\u00e1 una introducci\u00f3n y consejos para gestionar la carga del cultivo mediante la [&hellip;]\" \/>\n<meta property=\"og:url\" content=\"https:\/\/goodfruit.com\/es\/gestion-de-la-carga-frutal-manejo-de-cultivos-en-primavera\/\" \/>\n<meta property=\"og:site_name\" content=\"Good Fruit Grower en Espa\u00f1ol\" \/>\n<meta property=\"article:published_time\" content=\"2022-02-16T21:08:15+00:00\" \/>\n<meta property=\"article:modified_time\" content=\"2022-06-16T17:41:35+00:00\" \/>\n<meta property=\"og:image\" content=\"https:\/\/goodfruit.com\/es\/wp-content\/uploads\/sites\/2\/2022\/02\/cropManagementSpringES.jpg\" \/>\n\t<meta property=\"og:image:width\" content=\"1000\" \/>\n\t<meta property=\"og:image:height\" content=\"557\" \/>\n\t<meta property=\"og:image:type\" content=\"image\/jpeg\" \/>\n<meta name=\"author\" content=\"Good Fruit Grower\" \/>\n<meta name=\"twitter:card\" content=\"summary_large_image\" \/>\n<meta name=\"twitter:label1\" content=\"Escrito por\" \/>\n\t<meta name=\"twitter:data1\" content=\"Good Fruit Grower\" \/>\n\t<meta name=\"twitter:label2\" content=\"Tiempo de lectura\" \/>\n\t<meta name=\"twitter:data2\" content=\"5 minutos\" \/>\n<script type=\"application\/ld+json\" class=\"yoast-schema-graph\">{\"@context\":\"https:\\\/\\\/schema.org\",\"@graph\":[{\"@type\":\"Article\",\"@id\":\"https:\\\/\\\/goodfruit.com\\\/es\\\/gestion-de-la-carga-frutal-manejo-de-cultivos-en-primavera\\\/#article\",\"isPartOf\":{\"@id\":\"https:\\\/\\\/goodfruit.com\\\/es\\\/gestion-de-la-carga-frutal-manejo-de-cultivos-en-primavera\\\/\"},\"author\":{\"name\":\"Good Fruit Grower\",\"@id\":\"https:\\\/\\\/goodfruit.com\\\/es\\\/#\\\/schema\\\/person\\\/2ce208cd43c4be4b19d91002a83a97ed\"},\"headline\":\"Gesti\u00f3n de la carga frutal: Manejo de cultivos en primavera\",\"datePublished\":\"2022-02-16T21:08:15+00:00\",\"dateModified\":\"2022-06-16T17:41:35+00:00\",\"mainEntityOfPage\":{\"@id\":\"https:\\\/\\\/goodfruit.com\\\/es\\\/gestion-de-la-carga-frutal-manejo-de-cultivos-en-primavera\\\/\"},\"wordCount\":1037,\"publisher\":{\"@id\":\"https:\\\/\\\/goodfruit.com\\\/es\\\/#organization\"},\"image\":{\"@id\":\"https:\\\/\\\/goodfruit.com\\\/es\\\/gestion-de-la-carga-frutal-manejo-de-cultivos-en-primavera\\\/#primaryimage\"},\"thumbnailUrl\":\"https:\\\/\\\/goodfruit.com\\\/es\\\/wp-content\\\/uploads\\\/sites\\\/2\\\/2022\\\/02\\\/cropManagementSpringES.jpg\",\"articleSection\":[\"Manzanas\",\"V\u00eddeos\",\"Manejo de cultivos\"],\"inLanguage\":\"es\"},{\"@type\":\"WebPage\",\"@id\":\"https:\\\/\\\/goodfruit.com\\\/es\\\/gestion-de-la-carga-frutal-manejo-de-cultivos-en-primavera\\\/\",\"url\":\"https:\\\/\\\/goodfruit.com\\\/es\\\/gestion-de-la-carga-frutal-manejo-de-cultivos-en-primavera\\\/\",\"name\":\"Gesti\u00f3n de la carga frutal: Manejo de cultivos en primavera - Good Fruit Grower en Espa\u00f1ol\",\"isPartOf\":{\"@id\":\"https:\\\/\\\/goodfruit.com\\\/es\\\/#website\"},\"primaryImageOfPage\":{\"@id\":\"https:\\\/\\\/goodfruit.com\\\/es\\\/gestion-de-la-carga-frutal-manejo-de-cultivos-en-primavera\\\/#primaryimage\"},\"image\":{\"@id\":\"https:\\\/\\\/goodfruit.com\\\/es\\\/gestion-de-la-carga-frutal-manejo-de-cultivos-en-primavera\\\/#primaryimage\"},\"thumbnailUrl\":\"https:\\\/\\\/goodfruit.com\\\/es\\\/wp-content\\\/uploads\\\/sites\\\/2\\\/2022\\\/02\\\/cropManagementSpringES.jpg\",\"datePublished\":\"2022-02-16T21:08:15+00:00\",\"dateModified\":\"2022-06-16T17:41:35+00:00\",\"breadcrumb\":{\"@id\":\"https:\\\/\\\/goodfruit.com\\\/es\\\/gestion-de-la-carga-frutal-manejo-de-cultivos-en-primavera\\\/#breadcrumb\"},\"inLanguage\":\"es\",\"potentialAction\":[{\"@type\":\"ReadAction\",\"target\":[\"https:\\\/\\\/goodfruit.com\\\/es\\\/gestion-de-la-carga-frutal-manejo-de-cultivos-en-primavera\\\/\"]}]},{\"@type\":\"ImageObject\",\"inLanguage\":\"es\",\"@id\":\"https:\\\/\\\/goodfruit.com\\\/es\\\/gestion-de-la-carga-frutal-manejo-de-cultivos-en-primavera\\\/#primaryimage\",\"url\":\"https:\\\/\\\/goodfruit.com\\\/es\\\/wp-content\\\/uploads\\\/sites\\\/2\\\/2022\\\/02\\\/cropManagementSpringES.jpg\",\"contentUrl\":\"https:\\\/\\\/goodfruit.com\\\/es\\\/wp-content\\\/uploads\\\/sites\\\/2\\\/2022\\\/02\\\/cropManagementSpringES.jpg\",\"width\":1000,\"height\":557},{\"@type\":\"BreadcrumbList\",\"@id\":\"https:\\\/\\\/goodfruit.com\\\/es\\\/gestion-de-la-carga-frutal-manejo-de-cultivos-en-primavera\\\/#breadcrumb\",\"itemListElement\":[{\"@type\":\"ListItem\",\"position\":1,\"name\":\"Home\",\"item\":\"https:\\\/\\\/goodfruit.com\\\/es\\\/\"},{\"@type\":\"ListItem\",\"position\":2,\"name\":\"Gesti\u00f3n de la carga frutal: Manejo de cultivos en primavera\"}]},{\"@type\":\"WebSite\",\"@id\":\"https:\\\/\\\/goodfruit.com\\\/es\\\/#website\",\"url\":\"https:\\\/\\\/goodfruit.com\\\/es\\\/\",\"name\":\"Good Fruit Grower en Espa\u00f1ol\",\"description\":\"\",\"publisher\":{\"@id\":\"https:\\\/\\\/goodfruit.com\\\/es\\\/#organization\"},\"potentialAction\":[{\"@type\":\"SearchAction\",\"target\":{\"@type\":\"EntryPoint\",\"urlTemplate\":\"https:\\\/\\\/goodfruit.com\\\/es\\\/?s={search_term_string}\"},\"query-input\":{\"@type\":\"PropertyValueSpecification\",\"valueRequired\":true,\"valueName\":\"search_term_string\"}}],\"inLanguage\":\"es\"},{\"@type\":\"Organization\",\"@id\":\"https:\\\/\\\/goodfruit.com\\\/es\\\/#organization\",\"name\":\"Good Fruit Grower en Espa\u00f1ol\",\"url\":\"https:\\\/\\\/goodfruit.com\\\/es\\\/\",\"logo\":{\"@type\":\"ImageObject\",\"inLanguage\":\"es\",\"@id\":\"https:\\\/\\\/goodfruit.com\\\/es\\\/#\\\/schema\\\/logo\\\/image\\\/\",\"url\":\"https:\\\/\\\/goodfruit.com\\\/es\\\/wp-content\\\/uploads\\\/sites\\\/2\\\/2025\\\/04\\\/GFG_en_espanol_2025_WEB.png\",\"contentUrl\":\"https:\\\/\\\/goodfruit.com\\\/es\\\/wp-content\\\/uploads\\\/sites\\\/2\\\/2025\\\/04\\\/GFG_en_espanol_2025_WEB.png\",\"width\":2550,\"height\":1200,\"caption\":\"Good Fruit Grower en Espa\u00f1ol\"},\"image\":{\"@id\":\"https:\\\/\\\/goodfruit.com\\\/es\\\/#\\\/schema\\\/logo\\\/image\\\/\"}},{\"@type\":\"Person\",\"@id\":\"https:\\\/\\\/goodfruit.com\\\/es\\\/#\\\/schema\\\/person\\\/2ce208cd43c4be4b19d91002a83a97ed\",\"name\":\"Good Fruit Grower\",\"image\":{\"@type\":\"ImageObject\",\"inLanguage\":\"es\",\"@id\":\"https:\\\/\\\/goodfruit.com\\\/wp-content\\\/uploads\\\/1175154_607332252638175_34211794_n-96x96.png\",\"url\":\"https:\\\/\\\/goodfruit.com\\\/wp-content\\\/uploads\\\/1175154_607332252638175_34211794_n-96x96.png\",\"contentUrl\":\"https:\\\/\\\/goodfruit.com\\\/wp-content\\\/uploads\\\/1175154_607332252638175_34211794_n-96x96.png\",\"caption\":\"Good Fruit Grower\"},\"description\":\"Good Fruit Grower is the essential resource for the tree fruit and grape growing industry. Keep up to date by signing up for our weekly Fresh Bites newsletter.\",\"url\":\"https:\\\/\\\/goodfruit.com\\\/es\\\/author\\\/good-fruit-grower\\\/\"}]}<\/script>\n<!-- \/ Yoast SEO plugin. -->","yoast_head_json":{"title":"Gesti\u00f3n de la carga frutal: Manejo de cultivos en primavera - Good Fruit Grower en Espa\u00f1ol","robots":{"index":"index","follow":"follow","max-snippet":"max-snippet:-1","max-image-preview":"max-image-preview:large","max-video-preview":"max-video-preview:-1"},"canonical":"https:\/\/goodfruit.com\/es\/gestion-de-la-carga-frutal-manejo-de-cultivos-en-primavera\/","og_locale":"es_MX","og_type":"article","og_title":"Gesti\u00f3n de la carga frutal: Manejo de cultivos en primavera - Good Fruit Grower en Espa\u00f1ol","og_description":"Como parte de una serie producida por Good Fruit Grower, esta es una mirada a las tareas de gesti\u00f3n de la carga del cultivo realizadas en primavera. Con la ayuda de los expertos del sector Ofelio Borges y Dave Gleason, la serie ofrecer\u00e1 una introducci\u00f3n y consejos para gestionar la carga del cultivo mediante la [&hellip;]","og_url":"https:\/\/goodfruit.com\/es\/gestion-de-la-carga-frutal-manejo-de-cultivos-en-primavera\/","og_site_name":"Good Fruit Grower en Espa\u00f1ol","article_published_time":"2022-02-16T21:08:15+00:00","article_modified_time":"2022-06-16T17:41:35+00:00","og_image":[{"width":1000,"height":557,"url":"https:\/\/goodfruit.com\/es\/wp-content\/uploads\/sites\/2\/2022\/02\/cropManagementSpringES.jpg","type":"image\/jpeg"}],"author":"Good Fruit Grower","twitter_card":"summary_large_image","twitter_misc":{"Escrito por":"Good Fruit Grower","Tiempo de lectura":"5 minutos"},"schema":{"@context":"https:\/\/schema.org","@graph":[{"@type":"Article","@id":"https:\/\/goodfruit.com\/es\/gestion-de-la-carga-frutal-manejo-de-cultivos-en-primavera\/#article","isPartOf":{"@id":"https:\/\/goodfruit.com\/es\/gestion-de-la-carga-frutal-manejo-de-cultivos-en-primavera\/"},"author":{"name":"Good Fruit Grower","@id":"https:\/\/goodfruit.com\/es\/#\/schema\/person\/2ce208cd43c4be4b19d91002a83a97ed"},"headline":"Gesti\u00f3n de la carga frutal: Manejo de cultivos en primavera","datePublished":"2022-02-16T21:08:15+00:00","dateModified":"2022-06-16T17:41:35+00:00","mainEntityOfPage":{"@id":"https:\/\/goodfruit.com\/es\/gestion-de-la-carga-frutal-manejo-de-cultivos-en-primavera\/"},"wordCount":1037,"publisher":{"@id":"https:\/\/goodfruit.com\/es\/#organization"},"image":{"@id":"https:\/\/goodfruit.com\/es\/gestion-de-la-carga-frutal-manejo-de-cultivos-en-primavera\/#primaryimage"},"thumbnailUrl":"https:\/\/goodfruit.com\/es\/wp-content\/uploads\/sites\/2\/2022\/02\/cropManagementSpringES.jpg","articleSection":["Manzanas","V\u00eddeos","Manejo de cultivos"],"inLanguage":"es"},{"@type":"WebPage","@id":"https:\/\/goodfruit.com\/es\/gestion-de-la-carga-frutal-manejo-de-cultivos-en-primavera\/","url":"https:\/\/goodfruit.com\/es\/gestion-de-la-carga-frutal-manejo-de-cultivos-en-primavera\/","name":"Gesti\u00f3n de la carga frutal: Manejo de cultivos en primavera - Good Fruit Grower en Espa\u00f1ol","isPartOf":{"@id":"https:\/\/goodfruit.com\/es\/#website"},"primaryImageOfPage":{"@id":"https:\/\/goodfruit.com\/es\/gestion-de-la-carga-frutal-manejo-de-cultivos-en-primavera\/#primaryimage"},"image":{"@id":"https:\/\/goodfruit.com\/es\/gestion-de-la-carga-frutal-manejo-de-cultivos-en-primavera\/#primaryimage"},"thumbnailUrl":"https:\/\/goodfruit.com\/es\/wp-content\/uploads\/sites\/2\/2022\/02\/cropManagementSpringES.jpg","datePublished":"2022-02-16T21:08:15+00:00","dateModified":"2022-06-16T17:41:35+00:00","breadcrumb":{"@id":"https:\/\/goodfruit.com\/es\/gestion-de-la-carga-frutal-manejo-de-cultivos-en-primavera\/#breadcrumb"},"inLanguage":"es","potentialAction":[{"@type":"ReadAction","target":["https:\/\/goodfruit.com\/es\/gestion-de-la-carga-frutal-manejo-de-cultivos-en-primavera\/"]}]},{"@type":"ImageObject","inLanguage":"es","@id":"https:\/\/goodfruit.com\/es\/gestion-de-la-carga-frutal-manejo-de-cultivos-en-primavera\/#primaryimage","url":"https:\/\/goodfruit.com\/es\/wp-content\/uploads\/sites\/2\/2022\/02\/cropManagementSpringES.jpg","contentUrl":"https:\/\/goodfruit.com\/es\/wp-content\/uploads\/sites\/2\/2022\/02\/cropManagementSpringES.jpg","width":1000,"height":557},{"@type":"BreadcrumbList","@id":"https:\/\/goodfruit.com\/es\/gestion-de-la-carga-frutal-manejo-de-cultivos-en-primavera\/#breadcrumb","itemListElement":[{"@type":"ListItem","position":1,"name":"Home","item":"https:\/\/goodfruit.com\/es\/"},{"@type":"ListItem","position":2,"name":"Gesti\u00f3n de la carga frutal: Manejo de cultivos en primavera"}]},{"@type":"WebSite","@id":"https:\/\/goodfruit.com\/es\/#website","url":"https:\/\/goodfruit.com\/es\/","name":"Good Fruit Grower en Espa\u00f1ol","description":"","publisher":{"@id":"https:\/\/goodfruit.com\/es\/#organization"},"potentialAction":[{"@type":"SearchAction","target":{"@type":"EntryPoint","urlTemplate":"https:\/\/goodfruit.com\/es\/?s={search_term_string}"},"query-input":{"@type":"PropertyValueSpecification","valueRequired":true,"valueName":"search_term_string"}}],"inLanguage":"es"},{"@type":"Organization","@id":"https:\/\/goodfruit.com\/es\/#organization","name":"Good Fruit Grower en Espa\u00f1ol","url":"https:\/\/goodfruit.com\/es\/","logo":{"@type":"ImageObject","inLanguage":"es","@id":"https:\/\/goodfruit.com\/es\/#\/schema\/logo\/image\/","url":"https:\/\/goodfruit.com\/es\/wp-content\/uploads\/sites\/2\/2025\/04\/GFG_en_espanol_2025_WEB.png","contentUrl":"https:\/\/goodfruit.com\/es\/wp-content\/uploads\/sites\/2\/2025\/04\/GFG_en_espanol_2025_WEB.png","width":2550,"height":1200,"caption":"Good Fruit Grower en Espa\u00f1ol"},"image":{"@id":"https:\/\/goodfruit.com\/es\/#\/schema\/logo\/image\/"}},{"@type":"Person","@id":"https:\/\/goodfruit.com\/es\/#\/schema\/person\/2ce208cd43c4be4b19d91002a83a97ed","name":"Good Fruit Grower","image":{"@type":"ImageObject","inLanguage":"es","@id":"https:\/\/goodfruit.com\/wp-content\/uploads\/1175154_607332252638175_34211794_n-96x96.png","url":"https:\/\/goodfruit.com\/wp-content\/uploads\/1175154_607332252638175_34211794_n-96x96.png","contentUrl":"https:\/\/goodfruit.com\/wp-content\/uploads\/1175154_607332252638175_34211794_n-96x96.png","caption":"Good Fruit Grower"},"description":"Good Fruit Grower is the essential resource for the tree fruit and grape growing industry. Keep up to date by signing up for our weekly Fresh Bites newsletter.","url":"https:\/\/goodfruit.com\/es\/author\/good-fruit-grower\/"}]}},"wps_subtitle":"","_links":{"self":[{"href":"https:\/\/goodfruit.com\/es\/wp-json\/wp\/v2\/posts\/3754","targetHints":{"allow":["GET"]}}],"collection":[{"href":"https:\/\/goodfruit.com\/es\/wp-json\/wp\/v2\/posts"}],"about":[{"href":"https:\/\/goodfruit.com\/es\/wp-json\/wp\/v2\/types\/post"}],"author":[{"embeddable":true,"href":"https:\/\/goodfruit.com\/es\/wp-json\/wp\/v2\/users\/16"}],"replies":[{"embeddable":true,"href":"https:\/\/goodfruit.com\/es\/wp-json\/wp\/v2\/comments?post=3754"}],"version-history":[{"count":0,"href":"https:\/\/goodfruit.com\/es\/wp-json\/wp\/v2\/posts\/3754\/revisions"}],"wp:featuredmedia":[{"embeddable":true,"href":"https:\/\/goodfruit.com\/es\/wp-json\/wp\/v2\/media\/3755"}],"wp:attachment":[{"href":"https:\/\/goodfruit.com\/es\/wp-json\/wp\/v2\/media?parent=3754"}],"wp:term":[{"taxonomy":"category","embeddable":true,"href":"https:\/\/goodfruit.com\/es\/wp-json\/wp\/v2\/categories?post=3754"},{"taxonomy":"post_tag","embeddable":true,"href":"https:\/\/goodfruit.com\/es\/wp-json\/wp\/v2\/tags?post=3754"}],"curies":[{"name":"wp","href":"https:\/\/api.w.org\/{rel}","templated":true}]}}