{"id":3859,"date":"2022-06-16T10:00:57","date_gmt":"2022-06-16T17:00:57","guid":{"rendered":"https:\/\/www.goodfruit.com\/es\/?p=3859"},"modified":"2022-06-16T10:01:00","modified_gmt":"2022-06-16T17:01:00","slug":"gestion-de-la-carga-frutal-manejo-de-cultivos-en-verano","status":"publish","type":"post","link":"https:\/\/goodfruit.com\/es\/gestion-de-la-carga-frutal-manejo-de-cultivos-en-verano\/","title":{"rendered":"Gesti\u00f3n de la carga frutal: Manejo de cultivos en verano"},"content":{"rendered":"\n<figure class=\"wp-block-embed is-type-video is-provider-youtube wp-block-embed-youtube wp-embed-aspect-16-9 wp-has-aspect-ratio\"><div class=\"wp-block-embed__wrapper\">\n<iframe title=\"Gesti\u00f3n de la carga frutal: Manejo de cultivos en verano\" width=\"800\" height=\"450\" src=\"https:\/\/www.youtube.com\/embed\/XSwgjyKGH-o?feature=oembed\" frameborder=\"0\" allow=\"accelerometer; autoplay; clipboard-write; encrypted-media; gyroscope; picture-in-picture; web-share\" referrerpolicy=\"strict-origin-when-cross-origin\" allowfullscreen><\/iframe>\n<\/div><\/figure>\n\n\n\n<blockquote class=\"wp-block-quote is-layout-flow wp-block-quote-is-layout-flow\"><p>Como parte de una serie producida por <em>Good Fruit Grower<\/em>, esta es una mirada a las herramientas que un productor puede utilizar durante el verano para gestionar la carga de los cultivos. Con la ayuda de los expertos del sector Ofelio Borges y Dave Gleason, la serie ofrecer\u00e1 una introducci\u00f3n y consejos para gestionar la carga del cultivo mediante la poda de invierno, el aclareo de primavera, las herramientas disponibles en verano y las observaciones o ajustes realizados en oto\u00f1o.<\/p><\/blockquote>\n\n\n\t\t\t<div class=\"related-horizontal  alignright\">\r\n\t\t\t\t\t\t\t\t\t<!--<h2 class=\"--name\"><\/h2>-->\r\n\t\t\t\t\t<strong class=\"related-horizontal--name\">Relacionado:<\/strong>\r\n\t\t\t\t\t\t\t\t<div class=\"related-horizontal--posts\">\r\n\t\t\t\t\t\t\t\t\t\t\t<div class=\"related-horizontal--post\">\r\n\t\t\t\t\t\t\t<a href=\"https:\/\/goodfruit.com\/es\/gestion-de-la-carga-frutal-introduccion\/\" target=\"_blank\">\r\n\t\t\t\t\t\t\t\t<img fetchpriority=\"high\" decoding=\"async\" width=\"300\" height=\"196\" src=\"https:\/\/goodfruit.com\/es\/wp-content\/uploads\/sites\/2\/2021\/11\/spanishVideoCropLoadManagementIntro-300x196.jpg\" class=\"related-horizontal--image wp-post-image\" alt=\"\" srcset=\"https:\/\/goodfruit.com\/es\/wp-content\/uploads\/sites\/2\/2021\/11\/spanishVideoCropLoadManagementIntro-300x196.jpg 300w, https:\/\/goodfruit.com\/es\/wp-content\/uploads\/sites\/2\/2021\/11\/spanishVideoCropLoadManagementIntro-768x502.jpg 768w, https:\/\/goodfruit.com\/es\/wp-content\/uploads\/sites\/2\/2021\/11\/spanishVideoCropLoadManagementIntro-200x131.jpg 200w, https:\/\/goodfruit.com\/es\/wp-content\/uploads\/sites\/2\/2021\/11\/spanishVideoCropLoadManagementIntro-400x261.jpg 400w, https:\/\/goodfruit.com\/es\/wp-content\/uploads\/sites\/2\/2021\/11\/spanishVideoCropLoadManagementIntro-600x392.jpg 600w, https:\/\/goodfruit.com\/es\/wp-content\/uploads\/sites\/2\/2021\/11\/spanishVideoCropLoadManagementIntro-800x522.jpg 800w, https:\/\/goodfruit.com\/es\/wp-content\/uploads\/sites\/2\/2021\/11\/spanishVideoCropLoadManagementIntro.jpg 1000w\" sizes=\"(max-width: 300px) 100vw, 300px\" \/>\t\t\t\t\t\t\t\t<span class=\"related-horizontal--title\">Gesti\u00f3n de la carga frutal: Introducci\u00f3n<\/span>\r\n\t\t\t\t\t\t\t<\/a>\r\n\t\t\t\t\t\t<\/div>\r\n\t\t\t\t\t\t\t\t\t<\/div>\r\n\t\t\t<\/div>\r\n        \n\n\n<p class=\"wp-block-paragraph\"><strong>Ofelio:<\/strong> Bueno, pues seguimos con mi amigo David, hablando sobre el control de la carga de producci\u00f3n en frutales. Hemos ya platicado sobre las herramientas que un productor puede tener durante el invierno, durante la primavera y, bueno, pues ahora vamos a hablar sobre qu\u00e9 herramientas puede tener ese productor durante el verano. Si este productor no logr\u00f3 obtener su carga ideal con los controles aplicados en el invierno, con los controles aplicados en la primavera, \u00bfse puede hacer algo al respecto durante el verano, David?<\/p>\n\n\n\n<p class=\"wp-block-paragraph\"><strong>David:<\/strong> S\u00ed, s\u00ed, todav\u00eda, pero hay menos herramientas, en realidad, para ajustar a la carga, en este caso, porque son los manos, la labor que tiene, que en cada \u00e1rbol se entra para balancear la carga y quitar la fruta que es extra, y tambi\u00e9n para hacer un balance, un espacio entre la fruta. Si la fruta est\u00e1 conectada, entonces el color falta entre las manzanas y, cuando competencia con manzanas que est\u00e1n muy cerca, afecta el tama\u00f1o al final.<\/p>\n\n\n\t\t\t<div class=\"related-horizontal  alignright\">\r\n\t\t\t\t\t\t\t\t\t<!--<h2 class=\"--name\"><\/h2>-->\r\n\t\t\t\t\t<strong class=\"related-horizontal--name\">Relacionado:<\/strong>\r\n\t\t\t\t\t\t\t\t<div class=\"related-horizontal--posts\">\r\n\t\t\t\t\t\t\t\t\t\t\t<div class=\"related-horizontal--post\">\r\n\t\t\t\t\t\t\t<a href=\"https:\/\/goodfruit.com\/es\/consejos-para-la-poda-de-invierno-la-gestion-de-la-carga-frutal\/\" target=\"_blank\">\r\n\t\t\t\t\t\t\t\t<img decoding=\"async\" width=\"300\" height=\"196\" src=\"https:\/\/goodfruit.com\/es\/wp-content\/uploads\/sites\/2\/2021\/11\/spanishVideoCropLoadManagementWinter-300x196.jpg\" class=\"related-horizontal--image wp-post-image\" alt=\"\" srcset=\"https:\/\/goodfruit.com\/es\/wp-content\/uploads\/sites\/2\/2021\/11\/spanishVideoCropLoadManagementWinter-300x196.jpg 300w, https:\/\/goodfruit.com\/es\/wp-content\/uploads\/sites\/2\/2021\/11\/spanishVideoCropLoadManagementWinter-768x501.jpg 768w, https:\/\/goodfruit.com\/es\/wp-content\/uploads\/sites\/2\/2021\/11\/spanishVideoCropLoadManagementWinter-200x130.jpg 200w, https:\/\/goodfruit.com\/es\/wp-content\/uploads\/sites\/2\/2021\/11\/spanishVideoCropLoadManagementWinter-400x261.jpg 400w, https:\/\/goodfruit.com\/es\/wp-content\/uploads\/sites\/2\/2021\/11\/spanishVideoCropLoadManagementWinter-600x391.jpg 600w, https:\/\/goodfruit.com\/es\/wp-content\/uploads\/sites\/2\/2021\/11\/spanishVideoCropLoadManagementWinter-800x522.jpg 800w, https:\/\/goodfruit.com\/es\/wp-content\/uploads\/sites\/2\/2021\/11\/spanishVideoCropLoadManagementWinter.jpg 1000w\" sizes=\"(max-width: 300px) 100vw, 300px\" \/>\t\t\t\t\t\t\t\t<span class=\"related-horizontal--title\">Consejos para la poda de invierno: La gesti\u00f3n de la carga frutal<\/span>\r\n\t\t\t\t\t\t\t<\/a>\r\n\t\t\t\t\t\t<\/div>\r\n\t\t\t\t\t\t\t\t\t<\/div>\r\n\t\t\t<\/div>\r\n        \n\n\n<p class=\"wp-block-paragraph\"><strong>Ofelio:<\/strong> \u00bfQu\u00e9 limitaciones se puede tener ya en esta \u00e9poca de crecimiento? Sabemos que si no se logr\u00f3 un buen control durante cierta \u00e9poca de crecimiento, tu carga frutal para el siguiente a\u00f1o va a ser afectada. Esa es una posible limitaci\u00f3n, ya no puedes utilizar\u2026 depende de tu localizaci\u00f3n geogr\u00e1fica posiblemente ya no puedas utilizar qu\u00edmicos para ralear. En este punto de crecimiento, \u00bfc\u00f3mo vas a lograr\u2026 la meta final es solamente el mejorar la calidad de la fruta en esta \u00e9poca de crecimiento?<\/p>\n\n\n\n<p class=\"wp-block-paragraph\"><strong>David:<\/strong> Por lo mucho, s\u00ed, se puede tener un efecto todav\u00eda pero es menos, c\u00f3mo regresa la flor para el a\u00f1o que entra, pero m\u00e1s que nada es del tama\u00f1o y la calidad. Es trabajoso porque si no hemos logrado buenos resultados con las aplicaciones o la poda que hemos hecho ya, y hay mucho para hacer, ese trabajo va a salir muy costoso.<\/p>\n\n\n\t\t\t<div class=\"related-horizontal  alignright\">\r\n\t\t\t\t\t\t\t\t\t<!--<h2 class=\"--name\"><\/h2>-->\r\n\t\t\t\t\t<strong class=\"related-horizontal--name\">Relacionado:<\/strong>\r\n\t\t\t\t\t\t\t\t<div class=\"related-horizontal--posts\">\r\n\t\t\t\t\t\t\t\t\t\t\t<div class=\"related-horizontal--post\">\r\n\t\t\t\t\t\t\t<a href=\"https:\/\/goodfruit.com\/es\/gestion-de-la-carga-frutal-manejo-de-cultivos-en-primavera\/\" target=\"_blank\">\r\n\t\t\t\t\t\t\t\t<img decoding=\"async\" width=\"300\" height=\"167\" src=\"https:\/\/goodfruit.com\/es\/wp-content\/uploads\/sites\/2\/2022\/02\/cropManagementSpringES-300x167.jpg\" class=\"related-horizontal--image wp-post-image\" alt=\"\" srcset=\"https:\/\/goodfruit.com\/es\/wp-content\/uploads\/sites\/2\/2022\/02\/cropManagementSpringES-300x167.jpg 300w, https:\/\/goodfruit.com\/es\/wp-content\/uploads\/sites\/2\/2022\/02\/cropManagementSpringES-768x428.jpg 768w, https:\/\/goodfruit.com\/es\/wp-content\/uploads\/sites\/2\/2022\/02\/cropManagementSpringES-200x111.jpg 200w, https:\/\/goodfruit.com\/es\/wp-content\/uploads\/sites\/2\/2022\/02\/cropManagementSpringES-400x223.jpg 400w, https:\/\/goodfruit.com\/es\/wp-content\/uploads\/sites\/2\/2022\/02\/cropManagementSpringES-600x334.jpg 600w, https:\/\/goodfruit.com\/es\/wp-content\/uploads\/sites\/2\/2022\/02\/cropManagementSpringES-800x446.jpg 800w, https:\/\/goodfruit.com\/es\/wp-content\/uploads\/sites\/2\/2022\/02\/cropManagementSpringES.jpg 1000w\" sizes=\"(max-width: 300px) 100vw, 300px\" \/>\t\t\t\t\t\t\t\t<span class=\"related-horizontal--title\">Gesti\u00f3n de la carga frutal: Manejo de cultivos en primavera<\/span>\r\n\t\t\t\t\t\t\t<\/a>\r\n\t\t\t\t\t\t<\/div>\r\n\t\t\t\t\t\t\t\t\t<\/div>\r\n\t\t\t<\/div>\r\n        \n\n\n<p class=\"wp-block-paragraph\"><strong>Ofelio:<\/strong> \u00bfEs posible que el aplicar controles en esa etapa de crecimiento sea demasiado tarde? \u00bfCrees t\u00fa que debe es demasiado tarde en algunas ocasiones, digamos, para lograr un buen tama\u00f1o, para lograr un buen color?<\/p>\n\n\n\n<p class=\"wp-block-paragraph\"><strong>David:<\/strong> Ayuda un poco, en realidad, en agosto ya depende de qu\u00e9 va a pizcar he visto que ayuden en Gala tambi\u00e9n, a veces, dos semanas antes de la pizca pero que pasa normalmente es que la fruta es grande, es dif\u00edcil meter los dedos entre los trucos y se carga m\u00e1s fruta que se quiere y lo importante en ese caso es, a veces, quitar la fruta quemada, por ejemplo, o lo que tiene defecto. Y con eso tambi\u00e9n se ayuda a quitar la competencia, pero se sube un poco el nivel de la calidad y tiene m\u00e1s fruta de buena calidad en el bin. Se tira un poco entonces de lo malo.<\/p>\n\n\n\n<p class=\"wp-block-paragraph\"><strong>Ofelio:<\/strong> Ahora, hablamos sobre o, hablas, hablabas sobre la calidad de la fruta. \u00bfEs posible que si esta etapa de crecimiento no se logr\u00f3 un buen control que el \u00e1rbol se desbalance en cuanto a su salud? \u00bfEs posible? \u00bfO el \u00e1rbol en s\u00ed, la planta, no se afecta en nada?<\/p>\n\n\n\n<p class=\"wp-block-paragraph\"><strong>David:<\/strong> La planta necesita estar saludable, y si le faltan nutrientes o agua tambi\u00e9n afecta la calidad al fin. Entonces, importante que se establece un \u00e1rbol balanceado con simetr\u00eda, pero que tiene lo que necesita. Si se aplica el nitr\u00f3geno, por ejemplo, y el \u00e1rbol necesita, eso va a ayudar en alcanzar la meta de fruta m\u00e1s grande. Pero, si se ha aplica demasiado y es muy tarde en el a\u00f1o, puede afectar el color de la fruta que el \u00e1rbol sigue creciendo mucho me crecimiento, mucho vigor y hay mucha sombra en el \u00e1rbol. Tambi\u00e9n tiene m\u00e1s bitter pit si hay una falta de balance en los nutrientes.<\/p>\n\n\n\n<p class=\"wp-block-paragraph\"><strong>Ofelio:<\/strong> Entonces es bueno constantemente estar observando la planta, no solamente la manzana, sino que la planta en su totalidad.<\/p>\n\n\n\n<p class=\"wp-block-paragraph\"><strong>David:<\/strong> S\u00ed, s\u00ed. Todos los trabajos que hacemos en realidad tienen que analizar cada trabajo como fuese a ayudar a alcanzar la meta que tienen.<\/p>\n\n\n\n<p class=\"wp-block-paragraph\"><strong>Ofelio:<\/strong> Perfecto. Much\u00edsimas gracias, otra vez, muy interesante, y yo pues contin\u00fao aprendiendo. Much\u00edsimas gracias.<\/p>\n\n\n\n<p class=\"wp-block-paragraph\"><strong>David:<\/strong> Igualmente, muchas gracias.<\/p>\n","protected":false},"excerpt":{"rendered":"<p>Como parte de una serie producida por Good Fruit Grower, esta es una mirada a las herramientas que un productor puede utilizar durante el verano para gestionar la carga de los cultivos. Con la ayuda de los expertos del sector Ofelio Borges y Dave Gleason, la serie ofrecer\u00e1 una introducci\u00f3n y consejos para gestionar la [&hellip;]<\/p>\n","protected":false},"author":16,"featured_media":3886,"comment_status":"closed","ping_status":"open","sticky":false,"template":"","format":"standard","meta":{"_acf_changed":false,"_monsterinsights_skip_tracking":false,"footnotes":""},"categories":[6,49,131],"tags":[],"class_list":["post-3859","post","type-post","status-publish","format-standard","has-post-thumbnail","hentry","category-manzanas","category-videos","category-manejo-de-cultivos"],"acf":[],"yoast_head":"<!-- This site is optimized with the Yoast SEO plugin v28.3 - https:\/\/yoast.com\/product\/yoast-seo-wordpress\/ -->\n<title>Gesti\u00f3n de la carga frutal: Manejo de cultivos en verano - Good Fruit Grower en Espa\u00f1ol<\/title>\n<meta name=\"robots\" content=\"index, follow, max-snippet:-1, max-image-preview:large, max-video-preview:-1\" \/>\n<link rel=\"canonical\" href=\"https:\/\/goodfruit.com\/es\/gestion-de-la-carga-frutal-manejo-de-cultivos-en-verano\/\" \/>\n<meta property=\"og:locale\" content=\"es_MX\" \/>\n<meta property=\"og:type\" content=\"article\" \/>\n<meta property=\"og:title\" content=\"Gesti\u00f3n de la carga frutal: Manejo de cultivos en verano - Good Fruit Grower en Espa\u00f1ol\" \/>\n<meta property=\"og:description\" content=\"Como parte de una serie producida por Good Fruit Grower, esta es una mirada a las herramientas que un productor puede utilizar durante el verano para gestionar la carga de los cultivos. Con la ayuda de los expertos del sector Ofelio Borges y Dave Gleason, la serie ofrecer\u00e1 una introducci\u00f3n y consejos para gestionar la [&hellip;]\" \/>\n<meta property=\"og:url\" content=\"https:\/\/goodfruit.com\/es\/gestion-de-la-carga-frutal-manejo-de-cultivos-en-verano\/\" \/>\n<meta property=\"og:site_name\" content=\"Good Fruit Grower en Espa\u00f1ol\" \/>\n<meta property=\"article:published_time\" content=\"2022-06-16T17:00:57+00:00\" \/>\n<meta property=\"article:modified_time\" content=\"2022-06-16T17:01:00+00:00\" \/>\n<meta property=\"og:image\" content=\"https:\/\/goodfruit.com\/es\/wp-content\/uploads\/sites\/2\/2022\/06\/cropManagementSummerES.jpg\" \/>\n\t<meta property=\"og:image:width\" content=\"1000\" \/>\n\t<meta property=\"og:image:height\" content=\"559\" \/>\n\t<meta property=\"og:image:type\" content=\"image\/jpeg\" \/>\n<meta name=\"author\" content=\"Good Fruit Grower\" \/>\n<meta name=\"twitter:card\" content=\"summary_large_image\" \/>\n<meta name=\"twitter:label1\" content=\"Escrito por\" \/>\n\t<meta name=\"twitter:data1\" content=\"Good Fruit Grower\" \/>\n\t<meta name=\"twitter:label2\" content=\"Tiempo de lectura\" \/>\n\t<meta name=\"twitter:data2\" content=\"4 minutos\" \/>\n<script type=\"application\/ld+json\" class=\"yoast-schema-graph\">{\"@context\":\"https:\\\/\\\/schema.org\",\"@graph\":[{\"@type\":\"Article\",\"@id\":\"https:\\\/\\\/goodfruit.com\\\/es\\\/gestion-de-la-carga-frutal-manejo-de-cultivos-en-verano\\\/#article\",\"isPartOf\":{\"@id\":\"https:\\\/\\\/goodfruit.com\\\/es\\\/gestion-de-la-carga-frutal-manejo-de-cultivos-en-verano\\\/\"},\"author\":{\"name\":\"Good Fruit Grower\",\"@id\":\"https:\\\/\\\/goodfruit.com\\\/es\\\/#\\\/schema\\\/person\\\/2ce208cd43c4be4b19d91002a83a97ed\"},\"headline\":\"Gesti\u00f3n de la carga frutal: Manejo de cultivos en verano\",\"datePublished\":\"2022-06-16T17:00:57+00:00\",\"dateModified\":\"2022-06-16T17:01:00+00:00\",\"mainEntityOfPage\":{\"@id\":\"https:\\\/\\\/goodfruit.com\\\/es\\\/gestion-de-la-carga-frutal-manejo-de-cultivos-en-verano\\\/\"},\"wordCount\":818,\"publisher\":{\"@id\":\"https:\\\/\\\/goodfruit.com\\\/es\\\/#organization\"},\"image\":{\"@id\":\"https:\\\/\\\/goodfruit.com\\\/es\\\/gestion-de-la-carga-frutal-manejo-de-cultivos-en-verano\\\/#primaryimage\"},\"thumbnailUrl\":\"https:\\\/\\\/goodfruit.com\\\/es\\\/wp-content\\\/uploads\\\/sites\\\/2\\\/2022\\\/06\\\/cropManagementSummerES.jpg\",\"articleSection\":[\"Manzanas\",\"V\u00eddeos\",\"Manejo de cultivos\"],\"inLanguage\":\"es\"},{\"@type\":\"WebPage\",\"@id\":\"https:\\\/\\\/goodfruit.com\\\/es\\\/gestion-de-la-carga-frutal-manejo-de-cultivos-en-verano\\\/\",\"url\":\"https:\\\/\\\/goodfruit.com\\\/es\\\/gestion-de-la-carga-frutal-manejo-de-cultivos-en-verano\\\/\",\"name\":\"Gesti\u00f3n de la carga frutal: Manejo de cultivos en verano - Good Fruit Grower en Espa\u00f1ol\",\"isPartOf\":{\"@id\":\"https:\\\/\\\/goodfruit.com\\\/es\\\/#website\"},\"primaryImageOfPage\":{\"@id\":\"https:\\\/\\\/goodfruit.com\\\/es\\\/gestion-de-la-carga-frutal-manejo-de-cultivos-en-verano\\\/#primaryimage\"},\"image\":{\"@id\":\"https:\\\/\\\/goodfruit.com\\\/es\\\/gestion-de-la-carga-frutal-manejo-de-cultivos-en-verano\\\/#primaryimage\"},\"thumbnailUrl\":\"https:\\\/\\\/goodfruit.com\\\/es\\\/wp-content\\\/uploads\\\/sites\\\/2\\\/2022\\\/06\\\/cropManagementSummerES.jpg\",\"datePublished\":\"2022-06-16T17:00:57+00:00\",\"dateModified\":\"2022-06-16T17:01:00+00:00\",\"breadcrumb\":{\"@id\":\"https:\\\/\\\/goodfruit.com\\\/es\\\/gestion-de-la-carga-frutal-manejo-de-cultivos-en-verano\\\/#breadcrumb\"},\"inLanguage\":\"es\",\"potentialAction\":[{\"@type\":\"ReadAction\",\"target\":[\"https:\\\/\\\/goodfruit.com\\\/es\\\/gestion-de-la-carga-frutal-manejo-de-cultivos-en-verano\\\/\"]}]},{\"@type\":\"ImageObject\",\"inLanguage\":\"es\",\"@id\":\"https:\\\/\\\/goodfruit.com\\\/es\\\/gestion-de-la-carga-frutal-manejo-de-cultivos-en-verano\\\/#primaryimage\",\"url\":\"https:\\\/\\\/goodfruit.com\\\/es\\\/wp-content\\\/uploads\\\/sites\\\/2\\\/2022\\\/06\\\/cropManagementSummerES.jpg\",\"contentUrl\":\"https:\\\/\\\/goodfruit.com\\\/es\\\/wp-content\\\/uploads\\\/sites\\\/2\\\/2022\\\/06\\\/cropManagementSummerES.jpg\",\"width\":1000,\"height\":559},{\"@type\":\"BreadcrumbList\",\"@id\":\"https:\\\/\\\/goodfruit.com\\\/es\\\/gestion-de-la-carga-frutal-manejo-de-cultivos-en-verano\\\/#breadcrumb\",\"itemListElement\":[{\"@type\":\"ListItem\",\"position\":1,\"name\":\"Home\",\"item\":\"https:\\\/\\\/goodfruit.com\\\/es\\\/\"},{\"@type\":\"ListItem\",\"position\":2,\"name\":\"Gesti\u00f3n de la carga frutal: Manejo de cultivos en verano\"}]},{\"@type\":\"WebSite\",\"@id\":\"https:\\\/\\\/goodfruit.com\\\/es\\\/#website\",\"url\":\"https:\\\/\\\/goodfruit.com\\\/es\\\/\",\"name\":\"Good Fruit Grower en Espa\u00f1ol\",\"description\":\"\",\"publisher\":{\"@id\":\"https:\\\/\\\/goodfruit.com\\\/es\\\/#organization\"},\"potentialAction\":[{\"@type\":\"SearchAction\",\"target\":{\"@type\":\"EntryPoint\",\"urlTemplate\":\"https:\\\/\\\/goodfruit.com\\\/es\\\/?s={search_term_string}\"},\"query-input\":{\"@type\":\"PropertyValueSpecification\",\"valueRequired\":true,\"valueName\":\"search_term_string\"}}],\"inLanguage\":\"es\"},{\"@type\":\"Organization\",\"@id\":\"https:\\\/\\\/goodfruit.com\\\/es\\\/#organization\",\"name\":\"Good Fruit Grower en Espa\u00f1ol\",\"url\":\"https:\\\/\\\/goodfruit.com\\\/es\\\/\",\"logo\":{\"@type\":\"ImageObject\",\"inLanguage\":\"es\",\"@id\":\"https:\\\/\\\/goodfruit.com\\\/es\\\/#\\\/schema\\\/logo\\\/image\\\/\",\"url\":\"https:\\\/\\\/goodfruit.com\\\/es\\\/wp-content\\\/uploads\\\/sites\\\/2\\\/2025\\\/04\\\/GFG_en_espanol_2025_WEB.png\",\"contentUrl\":\"https:\\\/\\\/goodfruit.com\\\/es\\\/wp-content\\\/uploads\\\/sites\\\/2\\\/2025\\\/04\\\/GFG_en_espanol_2025_WEB.png\",\"width\":2550,\"height\":1200,\"caption\":\"Good Fruit Grower en Espa\u00f1ol\"},\"image\":{\"@id\":\"https:\\\/\\\/goodfruit.com\\\/es\\\/#\\\/schema\\\/logo\\\/image\\\/\"}},{\"@type\":\"Person\",\"@id\":\"https:\\\/\\\/goodfruit.com\\\/es\\\/#\\\/schema\\\/person\\\/2ce208cd43c4be4b19d91002a83a97ed\",\"name\":\"Good Fruit Grower\",\"image\":{\"@type\":\"ImageObject\",\"inLanguage\":\"es\",\"@id\":\"https:\\\/\\\/goodfruit.com\\\/wp-content\\\/uploads\\\/1175154_607332252638175_34211794_n-96x96.png\",\"url\":\"https:\\\/\\\/goodfruit.com\\\/wp-content\\\/uploads\\\/1175154_607332252638175_34211794_n-96x96.png\",\"contentUrl\":\"https:\\\/\\\/goodfruit.com\\\/wp-content\\\/uploads\\\/1175154_607332252638175_34211794_n-96x96.png\",\"caption\":\"Good Fruit Grower\"},\"description\":\"Good Fruit Grower is the essential resource for the tree fruit and grape growing industry. Keep up to date by signing up for our weekly Fresh Bites newsletter.\",\"url\":\"https:\\\/\\\/goodfruit.com\\\/es\\\/author\\\/good-fruit-grower\\\/\"}]}<\/script>\n<!-- \/ Yoast SEO plugin. -->","yoast_head_json":{"title":"Gesti\u00f3n de la carga frutal: Manejo de cultivos en verano - Good Fruit Grower en Espa\u00f1ol","robots":{"index":"index","follow":"follow","max-snippet":"max-snippet:-1","max-image-preview":"max-image-preview:large","max-video-preview":"max-video-preview:-1"},"canonical":"https:\/\/goodfruit.com\/es\/gestion-de-la-carga-frutal-manejo-de-cultivos-en-verano\/","og_locale":"es_MX","og_type":"article","og_title":"Gesti\u00f3n de la carga frutal: Manejo de cultivos en verano - Good Fruit Grower en Espa\u00f1ol","og_description":"Como parte de una serie producida por Good Fruit Grower, esta es una mirada a las herramientas que un productor puede utilizar durante el verano para gestionar la carga de los cultivos. Con la ayuda de los expertos del sector Ofelio Borges y Dave Gleason, la serie ofrecer\u00e1 una introducci\u00f3n y consejos para gestionar la [&hellip;]","og_url":"https:\/\/goodfruit.com\/es\/gestion-de-la-carga-frutal-manejo-de-cultivos-en-verano\/","og_site_name":"Good Fruit Grower en Espa\u00f1ol","article_published_time":"2022-06-16T17:00:57+00:00","article_modified_time":"2022-06-16T17:01:00+00:00","og_image":[{"width":1000,"height":559,"url":"https:\/\/goodfruit.com\/es\/wp-content\/uploads\/sites\/2\/2022\/06\/cropManagementSummerES.jpg","type":"image\/jpeg"}],"author":"Good Fruit Grower","twitter_card":"summary_large_image","twitter_misc":{"Escrito por":"Good Fruit Grower","Tiempo de lectura":"4 minutos"},"schema":{"@context":"https:\/\/schema.org","@graph":[{"@type":"Article","@id":"https:\/\/goodfruit.com\/es\/gestion-de-la-carga-frutal-manejo-de-cultivos-en-verano\/#article","isPartOf":{"@id":"https:\/\/goodfruit.com\/es\/gestion-de-la-carga-frutal-manejo-de-cultivos-en-verano\/"},"author":{"name":"Good Fruit Grower","@id":"https:\/\/goodfruit.com\/es\/#\/schema\/person\/2ce208cd43c4be4b19d91002a83a97ed"},"headline":"Gesti\u00f3n de la carga frutal: Manejo de cultivos en verano","datePublished":"2022-06-16T17:00:57+00:00","dateModified":"2022-06-16T17:01:00+00:00","mainEntityOfPage":{"@id":"https:\/\/goodfruit.com\/es\/gestion-de-la-carga-frutal-manejo-de-cultivos-en-verano\/"},"wordCount":818,"publisher":{"@id":"https:\/\/goodfruit.com\/es\/#organization"},"image":{"@id":"https:\/\/goodfruit.com\/es\/gestion-de-la-carga-frutal-manejo-de-cultivos-en-verano\/#primaryimage"},"thumbnailUrl":"https:\/\/goodfruit.com\/es\/wp-content\/uploads\/sites\/2\/2022\/06\/cropManagementSummerES.jpg","articleSection":["Manzanas","V\u00eddeos","Manejo de cultivos"],"inLanguage":"es"},{"@type":"WebPage","@id":"https:\/\/goodfruit.com\/es\/gestion-de-la-carga-frutal-manejo-de-cultivos-en-verano\/","url":"https:\/\/goodfruit.com\/es\/gestion-de-la-carga-frutal-manejo-de-cultivos-en-verano\/","name":"Gesti\u00f3n de la carga frutal: Manejo de cultivos en verano - Good Fruit Grower en Espa\u00f1ol","isPartOf":{"@id":"https:\/\/goodfruit.com\/es\/#website"},"primaryImageOfPage":{"@id":"https:\/\/goodfruit.com\/es\/gestion-de-la-carga-frutal-manejo-de-cultivos-en-verano\/#primaryimage"},"image":{"@id":"https:\/\/goodfruit.com\/es\/gestion-de-la-carga-frutal-manejo-de-cultivos-en-verano\/#primaryimage"},"thumbnailUrl":"https:\/\/goodfruit.com\/es\/wp-content\/uploads\/sites\/2\/2022\/06\/cropManagementSummerES.jpg","datePublished":"2022-06-16T17:00:57+00:00","dateModified":"2022-06-16T17:01:00+00:00","breadcrumb":{"@id":"https:\/\/goodfruit.com\/es\/gestion-de-la-carga-frutal-manejo-de-cultivos-en-verano\/#breadcrumb"},"inLanguage":"es","potentialAction":[{"@type":"ReadAction","target":["https:\/\/goodfruit.com\/es\/gestion-de-la-carga-frutal-manejo-de-cultivos-en-verano\/"]}]},{"@type":"ImageObject","inLanguage":"es","@id":"https:\/\/goodfruit.com\/es\/gestion-de-la-carga-frutal-manejo-de-cultivos-en-verano\/#primaryimage","url":"https:\/\/goodfruit.com\/es\/wp-content\/uploads\/sites\/2\/2022\/06\/cropManagementSummerES.jpg","contentUrl":"https:\/\/goodfruit.com\/es\/wp-content\/uploads\/sites\/2\/2022\/06\/cropManagementSummerES.jpg","width":1000,"height":559},{"@type":"BreadcrumbList","@id":"https:\/\/goodfruit.com\/es\/gestion-de-la-carga-frutal-manejo-de-cultivos-en-verano\/#breadcrumb","itemListElement":[{"@type":"ListItem","position":1,"name":"Home","item":"https:\/\/goodfruit.com\/es\/"},{"@type":"ListItem","position":2,"name":"Gesti\u00f3n de la carga frutal: Manejo de cultivos en verano"}]},{"@type":"WebSite","@id":"https:\/\/goodfruit.com\/es\/#website","url":"https:\/\/goodfruit.com\/es\/","name":"Good Fruit Grower en Espa\u00f1ol","description":"","publisher":{"@id":"https:\/\/goodfruit.com\/es\/#organization"},"potentialAction":[{"@type":"SearchAction","target":{"@type":"EntryPoint","urlTemplate":"https:\/\/goodfruit.com\/es\/?s={search_term_string}"},"query-input":{"@type":"PropertyValueSpecification","valueRequired":true,"valueName":"search_term_string"}}],"inLanguage":"es"},{"@type":"Organization","@id":"https:\/\/goodfruit.com\/es\/#organization","name":"Good Fruit Grower en Espa\u00f1ol","url":"https:\/\/goodfruit.com\/es\/","logo":{"@type":"ImageObject","inLanguage":"es","@id":"https:\/\/goodfruit.com\/es\/#\/schema\/logo\/image\/","url":"https:\/\/goodfruit.com\/es\/wp-content\/uploads\/sites\/2\/2025\/04\/GFG_en_espanol_2025_WEB.png","contentUrl":"https:\/\/goodfruit.com\/es\/wp-content\/uploads\/sites\/2\/2025\/04\/GFG_en_espanol_2025_WEB.png","width":2550,"height":1200,"caption":"Good Fruit Grower en Espa\u00f1ol"},"image":{"@id":"https:\/\/goodfruit.com\/es\/#\/schema\/logo\/image\/"}},{"@type":"Person","@id":"https:\/\/goodfruit.com\/es\/#\/schema\/person\/2ce208cd43c4be4b19d91002a83a97ed","name":"Good Fruit Grower","image":{"@type":"ImageObject","inLanguage":"es","@id":"https:\/\/goodfruit.com\/wp-content\/uploads\/1175154_607332252638175_34211794_n-96x96.png","url":"https:\/\/goodfruit.com\/wp-content\/uploads\/1175154_607332252638175_34211794_n-96x96.png","contentUrl":"https:\/\/goodfruit.com\/wp-content\/uploads\/1175154_607332252638175_34211794_n-96x96.png","caption":"Good Fruit Grower"},"description":"Good Fruit Grower is the essential resource for the tree fruit and grape growing industry. Keep up to date by signing up for our weekly Fresh Bites newsletter.","url":"https:\/\/goodfruit.com\/es\/author\/good-fruit-grower\/"}]}},"wps_subtitle":"","_links":{"self":[{"href":"https:\/\/goodfruit.com\/es\/wp-json\/wp\/v2\/posts\/3859","targetHints":{"allow":["GET"]}}],"collection":[{"href":"https:\/\/goodfruit.com\/es\/wp-json\/wp\/v2\/posts"}],"about":[{"href":"https:\/\/goodfruit.com\/es\/wp-json\/wp\/v2\/types\/post"}],"author":[{"embeddable":true,"href":"https:\/\/goodfruit.com\/es\/wp-json\/wp\/v2\/users\/16"}],"replies":[{"embeddable":true,"href":"https:\/\/goodfruit.com\/es\/wp-json\/wp\/v2\/comments?post=3859"}],"version-history":[{"count":0,"href":"https:\/\/goodfruit.com\/es\/wp-json\/wp\/v2\/posts\/3859\/revisions"}],"wp:featuredmedia":[{"embeddable":true,"href":"https:\/\/goodfruit.com\/es\/wp-json\/wp\/v2\/media\/3886"}],"wp:attachment":[{"href":"https:\/\/goodfruit.com\/es\/wp-json\/wp\/v2\/media?parent=3859"}],"wp:term":[{"taxonomy":"category","embeddable":true,"href":"https:\/\/goodfruit.com\/es\/wp-json\/wp\/v2\/categories?post=3859"},{"taxonomy":"post_tag","embeddable":true,"href":"https:\/\/goodfruit.com\/es\/wp-json\/wp\/v2\/tags?post=3859"}],"curies":[{"name":"wp","href":"https:\/\/api.w.org\/{rel}","templated":true}]}}