{"id":7260,"date":"2026-03-06T08:16:37","date_gmt":"2026-03-06T16:16:37","guid":{"rendered":"https:\/\/goodfruit.com\/es\/?p=7260"},"modified":"2026-03-06T08:16:42","modified_gmt":"2026-03-06T16:16:42","slug":"jose-pimentel","status":"publish","type":"post","link":"https:\/\/goodfruit.com\/es\/jose-pimentel\/","title":{"rendered":"Jos\u00e9 Pimentel"},"content":{"rendered":"\n<figure class=\"wp-block-image alignright size-full is-resized\"><img fetchpriority=\"high\" decoding=\"async\" width=\"258\" height=\"387\" src=\"https:\/\/goodfruit.com\/es\/wp-content\/uploads\/sites\/2\/2026\/03\/pimentelJose-hortShow5396jd-2026-03-V2-mug.jpg\" alt=\"Jos\u00e9 Pimentel\" class=\"wp-image-7262\" style=\"width:200px\" srcset=\"https:\/\/goodfruit.com\/es\/wp-content\/uploads\/sites\/2\/2026\/03\/pimentelJose-hortShow5396jd-2026-03-V2-mug.jpg 258w, https:\/\/goodfruit.com\/es\/wp-content\/uploads\/sites\/2\/2026\/03\/pimentelJose-hortShow5396jd-2026-03-V2-mug-200x300.jpg 200w\" sizes=\"(max-width: 258px) 100vw, 258px\" \/><figcaption class=\"wp-element-caption\">Jos\u00e9 Pimentel<\/figcaption><\/figure>\n\n\n\n<h1 class=\"wp-block-heading has-large-font-size\"><em><em>\u201cDeseo poder trabajar por mi cuenta, sin otra persona que me est\u00e9 guiando\u201d.<\/em><\/em><\/h1>\n\n\n\n<p class=\"wp-block-paragraph\">En diciembre de 2025, durante la reuni\u00f3n anual de la Asociaci\u00f3n de \u00c1rboles Frutales del Estado de Washington celebrada en Wenatchee, conversamos con&nbsp;Jos\u00e9, residente de Orondo, asistente de gerente, y estudiante de HOEEP (programa de educaci\u00f3n para empleados hispanos de huertas) de Wenatchee Valley College.<\/p>\n\n\n\n<div style=\"height:10px\" aria-hidden=\"true\" class=\"wp-block-spacer\"><\/div>\n\n\n\n<hr class=\"wp-block-separator has-text-color has-luminous-vivid-amber-color has-alpha-channel-opacity has-luminous-vivid-amber-background-color has-background\" style=\"margin-top:39;margin-bottom:39\"\/>\n\n\n\n<h5 class=\"wp-block-heading has-text-align-center has-text-color has-link-color wp-elements-1\" style=\"color:#359874\"><em>Scroll down to read in English<\/em><\/h5>\n\n\n\n<hr class=\"wp-block-separator has-text-color has-luminous-vivid-amber-color has-alpha-channel-opacity has-luminous-vivid-amber-background-color has-background\" style=\"margin-top:39;margin-bottom:39\"\/>\n\n\n\n<div style=\"height:20px\" aria-hidden=\"true\" class=\"wp-block-spacer\"><\/div>\n\n\n\n<h3 class=\"wp-block-heading\">Conociendo a Jos\u00e9 Pimentel<\/h3>\n\n\n\n<p class=\"wp-block-paragraph\"><strong>\u00bfComo empez\u00f3 en la agricultura?<\/strong><\/p>\n\n\n\n<p class=\"wp-block-paragraph\">Empec\u00e9 en 2009 en la labor general, tengo 15 a\u00f1os de experiencia aqu\u00ed y en M\u00e9xico.<\/p>\n\n\n\n<p class=\"wp-block-paragraph\"><strong>\u00bfQue hace falta para avanzar?&nbsp;<\/strong><\/p>\n\n\n\n<p class=\"wp-block-paragraph\">M\u00e1s capitaci\u00f3n e inclusi\u00f3n. Ahora, en la posici\u00f3n en la que estoy, veo que mucha informaci\u00f3n no les llega a los trabajadores. No los motiva de manera positiva. Con el tema de los presupuestos, si hay dinero o no hay. Siento que todo el mundo merece estar informado.<\/p>\n\n\n\n<p class=\"wp-block-paragraph\"><strong>\u00bfHasta d\u00f3nde pretende llegar?<\/strong><\/p>\n\n\n\n<p class=\"wp-block-paragraph\">En el camino que llevo, sue\u00f1o ser gerente. Deseo poder trabajar por mi cuenta, sin otra persona que me&nbsp;est\u00e9&nbsp;guiando. Creo que empec\u00e9 en una buena edad. \u00a1En 5 a\u00f1os, voy a ser&nbsp;<em>manager<\/em>!<\/p>\n\n\n\n<div style=\"height:20px\" aria-hidden=\"true\" class=\"wp-block-spacer\"><\/div>\n\n\n\n<div class=\"wp-block-group is-layout-constrained wp-block-group-is-layout-constrained\">\n<div class=\"wp-block-group is-layout-constrained wp-block-group-is-layout-constrained\">\n<div class=\"wp-block-buttons has-white-background-color has-background is-content-justification-center is-layout-flex wp-container-core-buttons-is-layout-3e41869c wp-block-buttons-is-layout-flex\">\n<div class=\"wp-block-button is-style-outline is-style-outline--1\"><a class=\"wp-block-button__link has-white-color has-text-color has-background has-link-color wp-element-button\" href=\"https:\/\/goodfruit.com\/es\/la-comunidad\/\" style=\"background-color:#0d6b47\"><strong>Descubra m\u00e1s historias de la comunidad<\/strong><br>Find more stories from la comunidad<\/a><\/div>\n<\/div>\n\n\n\n<div style=\"height:20px\" aria-hidden=\"true\" class=\"wp-block-spacer\"><\/div>\n<\/div>\n<\/div>\n\n\n\n<hr class=\"wp-block-separator has-text-color has-alpha-channel-opacity has-background\" style=\"margin-top:39;margin-bottom:39;background-color:#359874;color:#359874\"\/>\n\n\n\n<div style=\"height:20px\" aria-hidden=\"true\" class=\"wp-block-spacer\"><\/div>\n\n\n\n<h1 class=\"wp-block-heading has-large-font-size\"><em><em>\u201cI want to be able to work on my own, without anyone else guiding me.\u201d<\/em><\/em><\/h1>\n\n\n\n<p class=\"wp-block-paragraph\">In December 2025, during the annual meeting of the Washington State Tree Fruit Association held in Wenatchee, we spoke with Jos\u00e9, from Orondo, an assistant manager and a student in the HOEEP (Hispanic Orchard Employee Education Program) at Wenatchee Valley College.<\/p>\n\n\n\n<div style=\"height:30px\" aria-hidden=\"true\" class=\"wp-block-spacer\"><\/div>\n\n\n\n<h3 class=\"wp-block-heading\">Getting to know Jos\u00e9 Pimentel<\/h3>\n\n\n\n<p class=\"wp-block-paragraph\"><strong>How did you get your start in agriculture?<\/strong><\/p>\n\n\n\n<p class=\"wp-block-paragraph\">I started in 2009 doing general labor. I have 15 years of experience here and in Mexico.<\/p>\n\n\n\n<p class=\"wp-block-paragraph\"><strong>What does it take to get ahead?<\/strong><\/p>\n\n\n\n<p class=\"wp-block-paragraph\">More training and inclusion. Now that I&#8217;m in my current position, I see that a lot of information doesn&#8217;t reach the workers. It doesn&#8217;t motivate them positively. The issue of budgets \u2014 there&#8217;s money or there isn&#8217;t. I feel that everyone deserves to be informed.<\/p>\n\n\n\n<p class=\"wp-block-paragraph\"><strong>How far do you want to go?<\/strong><\/p>\n\n\n\n<p class=\"wp-block-paragraph\">On the path I&#8217;m on, I dream of being a manager. I want to be able to work on my own, without someone else guiding me. I think I started at a good age. In five years, I&#8217;m going to be a manager!<\/p>\n\n\n\n<p class=\"wp-block-paragraph\"><\/p>\n","protected":false},"excerpt":{"rendered":"<p>Asistente de gerente y estudiante<\/p>\n","protected":false},"author":48,"featured_media":7261,"comment_status":"closed","ping_status":"closed","sticky":false,"template":"","format":"standard","meta":{"_acf_changed":false,"_monsterinsights_skip_tracking":false,"footnotes":""},"categories":[175],"tags":[],"class_list":["post-7260","post","type-post","status-publish","format-standard","has-post-thumbnail","hentry","category-la-comunidad"],"acf":[],"yoast_head":"<!-- This site is optimized with the Yoast SEO plugin v28.3 - https:\/\/yoast.com\/product\/yoast-seo-wordpress\/ -->\n<title>Jos\u00e9 Pimentel - Good Fruit Grower en Espa\u00f1ol<\/title>\n<meta name=\"robots\" content=\"index, follow, max-snippet:-1, max-image-preview:large, max-video-preview:-1\" \/>\n<link rel=\"canonical\" href=\"https:\/\/goodfruit.com\/es\/jose-pimentel\/\" \/>\n<meta property=\"og:locale\" content=\"es_MX\" \/>\n<meta property=\"og:type\" content=\"article\" \/>\n<meta property=\"og:title\" content=\"Jos\u00e9 Pimentel - Good Fruit Grower en Espa\u00f1ol\" \/>\n<meta property=\"og:description\" content=\"Asistente de gerente y estudiante\" \/>\n<meta property=\"og:url\" content=\"https:\/\/goodfruit.com\/es\/jose-pimentel\/\" \/>\n<meta property=\"og:site_name\" content=\"Good Fruit Grower en Espa\u00f1ol\" \/>\n<meta property=\"article:published_time\" content=\"2026-03-06T16:16:37+00:00\" \/>\n<meta property=\"article:modified_time\" content=\"2026-03-06T16:16:42+00:00\" \/>\n<meta property=\"og:image\" content=\"https:\/\/goodfruit.com\/es\/wp-content\/uploads\/sites\/2\/2026\/03\/GFG_03.26_Portrait-Project-Pimentel-Jose.jpg\" \/>\n\t<meta property=\"og:image:width\" content=\"1200\" \/>\n\t<meta property=\"og:image:height\" content=\"1200\" \/>\n\t<meta property=\"og:image:type\" content=\"image\/jpeg\" \/>\n<meta name=\"author\" content=\"Jean Dibble\" \/>\n<meta name=\"twitter:card\" content=\"summary_large_image\" \/>\n<meta name=\"twitter:label1\" content=\"Escrito por\" \/>\n\t<meta name=\"twitter:data1\" content=\"Jean Dibble\" \/>\n\t<meta name=\"twitter:label2\" content=\"Tiempo de lectura\" \/>\n\t<meta name=\"twitter:data2\" content=\"3 minutos\" \/>\n<script type=\"application\/ld+json\" class=\"yoast-schema-graph\">{\"@context\":\"https:\\\/\\\/schema.org\",\"@graph\":[{\"@type\":\"Article\",\"@id\":\"https:\\\/\\\/goodfruit.com\\\/es\\\/jose-pimentel\\\/#article\",\"isPartOf\":{\"@id\":\"https:\\\/\\\/goodfruit.com\\\/es\\\/jose-pimentel\\\/\"},\"author\":{\"name\":\"Jean Dibble\",\"@id\":\"https:\\\/\\\/goodfruit.com\\\/es\\\/#\\\/schema\\\/person\\\/ae1f27f0786c487873dea1e644db7c1f\"},\"headline\":\"Jos\u00e9 Pimentel\",\"datePublished\":\"2026-03-06T16:16:37+00:00\",\"dateModified\":\"2026-03-06T16:16:42+00:00\",\"mainEntityOfPage\":{\"@id\":\"https:\\\/\\\/goodfruit.com\\\/es\\\/jose-pimentel\\\/\"},\"wordCount\":391,\"publisher\":{\"@id\":\"https:\\\/\\\/goodfruit.com\\\/es\\\/#organization\"},\"image\":{\"@id\":\"https:\\\/\\\/goodfruit.com\\\/es\\\/jose-pimentel\\\/#primaryimage\"},\"thumbnailUrl\":\"https:\\\/\\\/goodfruit.com\\\/es\\\/wp-content\\\/uploads\\\/sites\\\/2\\\/2026\\\/03\\\/GFG_03.26_Portrait-Project-Pimentel-Jose.jpg\",\"articleSection\":[\"La comunidad\"],\"inLanguage\":\"es\"},{\"@type\":\"WebPage\",\"@id\":\"https:\\\/\\\/goodfruit.com\\\/es\\\/jose-pimentel\\\/\",\"url\":\"https:\\\/\\\/goodfruit.com\\\/es\\\/jose-pimentel\\\/\",\"name\":\"Jos\u00e9 Pimentel - Good Fruit Grower en Espa\u00f1ol\",\"isPartOf\":{\"@id\":\"https:\\\/\\\/goodfruit.com\\\/es\\\/#website\"},\"primaryImageOfPage\":{\"@id\":\"https:\\\/\\\/goodfruit.com\\\/es\\\/jose-pimentel\\\/#primaryimage\"},\"image\":{\"@id\":\"https:\\\/\\\/goodfruit.com\\\/es\\\/jose-pimentel\\\/#primaryimage\"},\"thumbnailUrl\":\"https:\\\/\\\/goodfruit.com\\\/es\\\/wp-content\\\/uploads\\\/sites\\\/2\\\/2026\\\/03\\\/GFG_03.26_Portrait-Project-Pimentel-Jose.jpg\",\"datePublished\":\"2026-03-06T16:16:37+00:00\",\"dateModified\":\"2026-03-06T16:16:42+00:00\",\"breadcrumb\":{\"@id\":\"https:\\\/\\\/goodfruit.com\\\/es\\\/jose-pimentel\\\/#breadcrumb\"},\"inLanguage\":\"es\",\"potentialAction\":[{\"@type\":\"ReadAction\",\"target\":[\"https:\\\/\\\/goodfruit.com\\\/es\\\/jose-pimentel\\\/\"]}]},{\"@type\":\"ImageObject\",\"inLanguage\":\"es\",\"@id\":\"https:\\\/\\\/goodfruit.com\\\/es\\\/jose-pimentel\\\/#primaryimage\",\"url\":\"https:\\\/\\\/goodfruit.com\\\/es\\\/wp-content\\\/uploads\\\/sites\\\/2\\\/2026\\\/03\\\/GFG_03.26_Portrait-Project-Pimentel-Jose.jpg\",\"contentUrl\":\"https:\\\/\\\/goodfruit.com\\\/es\\\/wp-content\\\/uploads\\\/sites\\\/2\\\/2026\\\/03\\\/GFG_03.26_Portrait-Project-Pimentel-Jose.jpg\",\"width\":1200,\"height\":1200},{\"@type\":\"BreadcrumbList\",\"@id\":\"https:\\\/\\\/goodfruit.com\\\/es\\\/jose-pimentel\\\/#breadcrumb\",\"itemListElement\":[{\"@type\":\"ListItem\",\"position\":1,\"name\":\"Home\",\"item\":\"https:\\\/\\\/goodfruit.com\\\/es\\\/\"},{\"@type\":\"ListItem\",\"position\":2,\"name\":\"Jos\u00e9 Pimentel\"}]},{\"@type\":\"WebSite\",\"@id\":\"https:\\\/\\\/goodfruit.com\\\/es\\\/#website\",\"url\":\"https:\\\/\\\/goodfruit.com\\\/es\\\/\",\"name\":\"Good Fruit Grower en Espa\u00f1ol\",\"description\":\"\",\"publisher\":{\"@id\":\"https:\\\/\\\/goodfruit.com\\\/es\\\/#organization\"},\"potentialAction\":[{\"@type\":\"SearchAction\",\"target\":{\"@type\":\"EntryPoint\",\"urlTemplate\":\"https:\\\/\\\/goodfruit.com\\\/es\\\/?s={search_term_string}\"},\"query-input\":{\"@type\":\"PropertyValueSpecification\",\"valueRequired\":true,\"valueName\":\"search_term_string\"}}],\"inLanguage\":\"es\"},{\"@type\":\"Organization\",\"@id\":\"https:\\\/\\\/goodfruit.com\\\/es\\\/#organization\",\"name\":\"Good Fruit Grower en Espa\u00f1ol\",\"url\":\"https:\\\/\\\/goodfruit.com\\\/es\\\/\",\"logo\":{\"@type\":\"ImageObject\",\"inLanguage\":\"es\",\"@id\":\"https:\\\/\\\/goodfruit.com\\\/es\\\/#\\\/schema\\\/logo\\\/image\\\/\",\"url\":\"https:\\\/\\\/goodfruit.com\\\/es\\\/wp-content\\\/uploads\\\/sites\\\/2\\\/2025\\\/04\\\/GFG_en_espanol_2025_WEB.png\",\"contentUrl\":\"https:\\\/\\\/goodfruit.com\\\/es\\\/wp-content\\\/uploads\\\/sites\\\/2\\\/2025\\\/04\\\/GFG_en_espanol_2025_WEB.png\",\"width\":2550,\"height\":1200,\"caption\":\"Good Fruit Grower en Espa\u00f1ol\"},\"image\":{\"@id\":\"https:\\\/\\\/goodfruit.com\\\/es\\\/#\\\/schema\\\/logo\\\/image\\\/\"}},{\"@type\":\"Person\",\"@id\":\"https:\\\/\\\/goodfruit.com\\\/es\\\/#\\\/schema\\\/person\\\/ae1f27f0786c487873dea1e644db7c1f\",\"name\":\"Jean Dibble\",\"image\":{\"@type\":\"ImageObject\",\"inLanguage\":\"es\",\"@id\":\"https:\\\/\\\/www.goodfruit.com\\\/wp-content\\\/uploads\\\/dibbleJeanMug-2353163tj-2023-wpProfile-96x96.jpg\",\"url\":\"https:\\\/\\\/www.goodfruit.com\\\/wp-content\\\/uploads\\\/dibbleJeanMug-2353163tj-2023-wpProfile-96x96.jpg\",\"contentUrl\":\"https:\\\/\\\/www.goodfruit.com\\\/wp-content\\\/uploads\\\/dibbleJeanMug-2353163tj-2023-wpProfile-96x96.jpg\",\"caption\":\"Jean Dibble\"},\"description\":\"Jean Dibble joined our team in March 2023 as our first biliterate coordinator for Good Fruit Grower en Espa\u00f1ol. She holds a master\u2019s degree in applied linguistics and has 10 years\u2019 experience in Spanish-language journalism in Central Washington.\",\"url\":\"https:\\\/\\\/goodfruit.com\\\/es\\\/author\\\/jdibble\\\/\"}]}<\/script>\n<!-- \/ Yoast SEO plugin. -->","yoast_head_json":{"title":"Jos\u00e9 Pimentel - Good Fruit Grower en Espa\u00f1ol","robots":{"index":"index","follow":"follow","max-snippet":"max-snippet:-1","max-image-preview":"max-image-preview:large","max-video-preview":"max-video-preview:-1"},"canonical":"https:\/\/goodfruit.com\/es\/jose-pimentel\/","og_locale":"es_MX","og_type":"article","og_title":"Jos\u00e9 Pimentel - Good Fruit Grower en Espa\u00f1ol","og_description":"Asistente de gerente y estudiante","og_url":"https:\/\/goodfruit.com\/es\/jose-pimentel\/","og_site_name":"Good Fruit Grower en Espa\u00f1ol","article_published_time":"2026-03-06T16:16:37+00:00","article_modified_time":"2026-03-06T16:16:42+00:00","og_image":[{"width":1200,"height":1200,"url":"https:\/\/goodfruit.com\/es\/wp-content\/uploads\/sites\/2\/2026\/03\/GFG_03.26_Portrait-Project-Pimentel-Jose.jpg","type":"image\/jpeg"}],"author":"Jean Dibble","twitter_card":"summary_large_image","twitter_misc":{"Escrito por":"Jean Dibble","Tiempo de lectura":"3 minutos"},"schema":{"@context":"https:\/\/schema.org","@graph":[{"@type":"Article","@id":"https:\/\/goodfruit.com\/es\/jose-pimentel\/#article","isPartOf":{"@id":"https:\/\/goodfruit.com\/es\/jose-pimentel\/"},"author":{"name":"Jean Dibble","@id":"https:\/\/goodfruit.com\/es\/#\/schema\/person\/ae1f27f0786c487873dea1e644db7c1f"},"headline":"Jos\u00e9 Pimentel","datePublished":"2026-03-06T16:16:37+00:00","dateModified":"2026-03-06T16:16:42+00:00","mainEntityOfPage":{"@id":"https:\/\/goodfruit.com\/es\/jose-pimentel\/"},"wordCount":391,"publisher":{"@id":"https:\/\/goodfruit.com\/es\/#organization"},"image":{"@id":"https:\/\/goodfruit.com\/es\/jose-pimentel\/#primaryimage"},"thumbnailUrl":"https:\/\/goodfruit.com\/es\/wp-content\/uploads\/sites\/2\/2026\/03\/GFG_03.26_Portrait-Project-Pimentel-Jose.jpg","articleSection":["La comunidad"],"inLanguage":"es"},{"@type":"WebPage","@id":"https:\/\/goodfruit.com\/es\/jose-pimentel\/","url":"https:\/\/goodfruit.com\/es\/jose-pimentel\/","name":"Jos\u00e9 Pimentel - Good Fruit Grower en Espa\u00f1ol","isPartOf":{"@id":"https:\/\/goodfruit.com\/es\/#website"},"primaryImageOfPage":{"@id":"https:\/\/goodfruit.com\/es\/jose-pimentel\/#primaryimage"},"image":{"@id":"https:\/\/goodfruit.com\/es\/jose-pimentel\/#primaryimage"},"thumbnailUrl":"https:\/\/goodfruit.com\/es\/wp-content\/uploads\/sites\/2\/2026\/03\/GFG_03.26_Portrait-Project-Pimentel-Jose.jpg","datePublished":"2026-03-06T16:16:37+00:00","dateModified":"2026-03-06T16:16:42+00:00","breadcrumb":{"@id":"https:\/\/goodfruit.com\/es\/jose-pimentel\/#breadcrumb"},"inLanguage":"es","potentialAction":[{"@type":"ReadAction","target":["https:\/\/goodfruit.com\/es\/jose-pimentel\/"]}]},{"@type":"ImageObject","inLanguage":"es","@id":"https:\/\/goodfruit.com\/es\/jose-pimentel\/#primaryimage","url":"https:\/\/goodfruit.com\/es\/wp-content\/uploads\/sites\/2\/2026\/03\/GFG_03.26_Portrait-Project-Pimentel-Jose.jpg","contentUrl":"https:\/\/goodfruit.com\/es\/wp-content\/uploads\/sites\/2\/2026\/03\/GFG_03.26_Portrait-Project-Pimentel-Jose.jpg","width":1200,"height":1200},{"@type":"BreadcrumbList","@id":"https:\/\/goodfruit.com\/es\/jose-pimentel\/#breadcrumb","itemListElement":[{"@type":"ListItem","position":1,"name":"Home","item":"https:\/\/goodfruit.com\/es\/"},{"@type":"ListItem","position":2,"name":"Jos\u00e9 Pimentel"}]},{"@type":"WebSite","@id":"https:\/\/goodfruit.com\/es\/#website","url":"https:\/\/goodfruit.com\/es\/","name":"Good Fruit Grower en Espa\u00f1ol","description":"","publisher":{"@id":"https:\/\/goodfruit.com\/es\/#organization"},"potentialAction":[{"@type":"SearchAction","target":{"@type":"EntryPoint","urlTemplate":"https:\/\/goodfruit.com\/es\/?s={search_term_string}"},"query-input":{"@type":"PropertyValueSpecification","valueRequired":true,"valueName":"search_term_string"}}],"inLanguage":"es"},{"@type":"Organization","@id":"https:\/\/goodfruit.com\/es\/#organization","name":"Good Fruit Grower en Espa\u00f1ol","url":"https:\/\/goodfruit.com\/es\/","logo":{"@type":"ImageObject","inLanguage":"es","@id":"https:\/\/goodfruit.com\/es\/#\/schema\/logo\/image\/","url":"https:\/\/goodfruit.com\/es\/wp-content\/uploads\/sites\/2\/2025\/04\/GFG_en_espanol_2025_WEB.png","contentUrl":"https:\/\/goodfruit.com\/es\/wp-content\/uploads\/sites\/2\/2025\/04\/GFG_en_espanol_2025_WEB.png","width":2550,"height":1200,"caption":"Good Fruit Grower en Espa\u00f1ol"},"image":{"@id":"https:\/\/goodfruit.com\/es\/#\/schema\/logo\/image\/"}},{"@type":"Person","@id":"https:\/\/goodfruit.com\/es\/#\/schema\/person\/ae1f27f0786c487873dea1e644db7c1f","name":"Jean Dibble","image":{"@type":"ImageObject","inLanguage":"es","@id":"https:\/\/www.goodfruit.com\/wp-content\/uploads\/dibbleJeanMug-2353163tj-2023-wpProfile-96x96.jpg","url":"https:\/\/www.goodfruit.com\/wp-content\/uploads\/dibbleJeanMug-2353163tj-2023-wpProfile-96x96.jpg","contentUrl":"https:\/\/www.goodfruit.com\/wp-content\/uploads\/dibbleJeanMug-2353163tj-2023-wpProfile-96x96.jpg","caption":"Jean Dibble"},"description":"Jean Dibble joined our team in March 2023 as our first biliterate coordinator for Good Fruit Grower en Espa\u00f1ol. She holds a master\u2019s degree in applied linguistics and has 10 years\u2019 experience in Spanish-language journalism in Central Washington.","url":"https:\/\/goodfruit.com\/es\/author\/jdibble\/"}]}},"wps_subtitle":"","_links":{"self":[{"href":"https:\/\/goodfruit.com\/es\/wp-json\/wp\/v2\/posts\/7260","targetHints":{"allow":["GET"]}}],"collection":[{"href":"https:\/\/goodfruit.com\/es\/wp-json\/wp\/v2\/posts"}],"about":[{"href":"https:\/\/goodfruit.com\/es\/wp-json\/wp\/v2\/types\/post"}],"author":[{"embeddable":true,"href":"https:\/\/goodfruit.com\/es\/wp-json\/wp\/v2\/users\/48"}],"replies":[{"embeddable":true,"href":"https:\/\/goodfruit.com\/es\/wp-json\/wp\/v2\/comments?post=7260"}],"version-history":[{"count":2,"href":"https:\/\/goodfruit.com\/es\/wp-json\/wp\/v2\/posts\/7260\/revisions"}],"predecessor-version":[{"id":7264,"href":"https:\/\/goodfruit.com\/es\/wp-json\/wp\/v2\/posts\/7260\/revisions\/7264"}],"wp:featuredmedia":[{"embeddable":true,"href":"https:\/\/goodfruit.com\/es\/wp-json\/wp\/v2\/media\/7261"}],"wp:attachment":[{"href":"https:\/\/goodfruit.com\/es\/wp-json\/wp\/v2\/media?parent=7260"}],"wp:term":[{"taxonomy":"category","embeddable":true,"href":"https:\/\/goodfruit.com\/es\/wp-json\/wp\/v2\/categories?post=7260"},{"taxonomy":"post_tag","embeddable":true,"href":"https:\/\/goodfruit.com\/es\/wp-json\/wp\/v2\/tags?post=7260"}],"curies":[{"name":"wp","href":"https:\/\/api.w.org\/{rel}","templated":true}]}}