{"id":7645,"date":"2026-09-01T01:15:00","date_gmt":"2026-09-01T08:15:00","guid":{"rendered":"https:\/\/goodfruit.com\/es\/?p=7645"},"modified":"2026-08-31T11:20:21","modified_gmt":"2026-08-31T18:20:21","slug":"martin-martinez","status":"publish","type":"post","link":"https:\/\/goodfruit.com\/es\/martin-martinez\/","title":{"rendered":"Martin Martinez"},"content":{"rendered":"\n<figure class=\"wp-block-image alignright size-full is-resized\"><img fetchpriority=\"high\" decoding=\"async\" width=\"400\" height=\"600\" src=\"https:\/\/goodfruit.com\/es\/wp-content\/uploads\/sites\/2\/2026\/08\/SEP2026martinezMartin-hortShow5366jd-mug.jpg\" alt=\"Martin Martinez\" class=\"wp-image-7647\" style=\"width:200px;height:auto\" srcset=\"https:\/\/goodfruit.com\/es\/wp-content\/uploads\/sites\/2\/2026\/08\/SEP2026martinezMartin-hortShow5366jd-mug.jpg 400w, https:\/\/goodfruit.com\/es\/wp-content\/uploads\/sites\/2\/2026\/08\/SEP2026martinezMartin-hortShow5366jd-mug-200x300.jpg 200w\" sizes=\"(max-width: 400px) 100vw, 400px\" \/><figcaption class=\"wp-element-caption\">Martin Martinez<\/figcaption><\/figure>\n\n\n\n<h1 class=\"wp-block-heading has-large-font-size\"><em><em>\u201cEn la uva hay menos personas y m\u00e1s maquinaria. Pero una vez que le explican a uno, se puede<\/em><\/em> hacerlo<em><em>\u201d.<\/em><\/em><\/h1>\n\n\n\n<p class=\"wp-block-paragraph\">En diciembre de 2025, durante la reuni\u00f3n anual de la Asociaci\u00f3n de \u00c1rboles Frutales del Estado de Washington celebrada en Wenatchee, conversamos con Martin, residente de Mattawa, quien trabaja como supervisor.<\/p>\n\n\n\n<div style=\"height:10px\" aria-hidden=\"true\" class=\"wp-block-spacer\"><\/div>\n\n\n\n<hr class=\"wp-block-separator has-text-color has-luminous-vivid-amber-color has-alpha-channel-opacity has-luminous-vivid-amber-background-color has-background\" style=\"margin-top:39;margin-bottom:39\"\/>\n\n\n\n<h5 class=\"wp-block-heading has-text-align-center has-text-color has-link-color wp-elements-1\" style=\"color:#359874\"><em>Scroll down to read in English<\/em><\/h5>\n\n\n\n<hr class=\"wp-block-separator has-text-color has-luminous-vivid-amber-color has-alpha-channel-opacity has-luminous-vivid-amber-background-color has-background\" style=\"margin-top:39;margin-bottom:39\"\/>\n\n\n\n<div style=\"height:20px\" aria-hidden=\"true\" class=\"wp-block-spacer\"><\/div>\n\n\n\n<h3 class=\"wp-block-heading\">Conociendo a Martin Martinez<\/h3>\n\n\n\n<p class=\"wp-block-paragraph\"><strong>H\u00e1blenos de su trayectoria laboral.<\/strong><\/p>\n\n\n\n<p class=\"wp-block-paragraph\">En el a\u00f1o 2000, llegu\u00e9 a Monitor y trabaj\u00e9 en\u00a0<a>Borton<\/a> Orchard. De ah\u00ed encontr\u00e9 otro trabajo donde me\u00a0ense\u00f1aron\u00a0a conducir tractor. Trabaj\u00e9 con manzanas,\u00a0<em>cherries<\/em>\u00a0y perras. Luego me pusieron a cargo de un rancho en Quincy y ahora trabajo en Mattawa.<\/p>\n\n\n\n<p class=\"wp-block-paragraph\"><strong>\u00bfRecibi\u00f3 apoyo durante ese tiempo?<\/strong><\/p>\n\n\n\n<p class=\"wp-block-paragraph\">Flor (Servin) me consigui\u00f3 la licencia de\u00a0<em>private aplicator,<\/em>\u00a0lo que me abri\u00f3 puertas. Trabaj\u00e9 tres meses de manera temporal en la uva. El supervisor me cay\u00f3 bien. \u00c9l me mand\u00f3 a los cursos de Frank (Sarmiento) en Wenatchee Valley College<a>.<\/a><\/p>\n\n\n\n<p class=\"wp-block-paragraph\"><strong>\u00bfCu\u00e1les son sus responsabilidades actuales?<\/strong><\/p>\n\n\n\n<p class=\"wp-block-paragraph\">De hecho, reporto las horas y mando los cheques. En la uva hay menos personas y m\u00e1s maquinaria. Una vez que le explican a uno, se puede hacerlo.&nbsp;<\/p>\n\n\n\n<div style=\"height:20px\" aria-hidden=\"true\" class=\"wp-block-spacer\"><\/div>\n\n\n\n<div class=\"wp-block-group is-layout-constrained wp-block-group-is-layout-constrained\">\n<div class=\"wp-block-group is-layout-constrained wp-block-group-is-layout-constrained\">\n<div class=\"wp-block-buttons has-white-background-color has-background is-content-justification-center is-layout-flex wp-container-core-buttons-is-layout-3e41869c wp-block-buttons-is-layout-flex\">\n<div class=\"wp-block-button is-style-outline is-style-outline--1\"><a class=\"wp-block-button__link has-white-color has-text-color has-background has-link-color wp-element-button\" href=\"https:\/\/goodfruit.com\/es\/la-comunidad\/\" style=\"background-color:#0d6b47\"><strong>Descubra m\u00e1s historias de la comunidad<\/strong><br>Find more stories from la comunidad<\/a><\/div>\n<\/div>\n\n\n\n<div style=\"height:20px\" aria-hidden=\"true\" class=\"wp-block-spacer\"><\/div>\n<\/div>\n<\/div>\n\n\n\n<hr class=\"wp-block-separator has-text-color has-alpha-channel-opacity has-background\" style=\"margin-top:39;margin-bottom:39;background-color:#359874;color:#359874\"\/>\n\n\n\n<div style=\"height:20px\" aria-hidden=\"true\" class=\"wp-block-spacer\"><\/div>\n\n\n\n<h1 class=\"wp-block-heading has-large-font-size\"><em><em>\u201c<\/em><\/em>In the vineyards, there are fewer people and more machinery. But once they explain it, you can do it.<em><em>\u201d<\/em><\/em><\/h1>\n\n\n\n<p class=\"wp-block-paragraph\"><em>In December 2025, during the annual meeting of the Washington State Tree Fruit Association held in Wenatchee, we spoke with Martin, from Mattawa, who works as a supervisor.<\/em><\/p>\n\n\n\n<div style=\"height:30px\" aria-hidden=\"true\" class=\"wp-block-spacer\"><\/div>\n\n\n\n<h3 class=\"wp-block-heading\">Getting to know Martin Martinez<\/h3>\n\n\n\n<p class=\"wp-block-paragraph\"><strong>Tell us about your career path.<\/strong><\/p>\n\n\n\n<p class=\"wp-block-paragraph\">In 2000, I arrived in Monitor and worked at Borton Orchard. From there, I found another job where they taught me how to drive a tractor. I worked with apples, cherries and pears. Then I was put in charge of a ranch in Quincy, and from there, I worked in Mattawa.<\/p>\n\n\n\n<p class=\"wp-block-paragraph\"><strong>Did you receive support along the way?<\/strong><\/p>\n\n\n\n<p class=\"wp-block-paragraph\">Flor Servin,&nbsp;pesticide safety educator with the Washington State Department of Agriculture and instructor for the Agricultural Leadership Program&nbsp;got me my private applicator license, which opened doors for me. I was a temporary employee for three months in the grape fields, and I liked my supervisor. He sent me to take classes from Frank Sarmiento, a member of the agriculture faculty at Wenatchee Valley College.<\/p>\n\n\n\n<p class=\"wp-block-paragraph\"><strong>What are your current responsibilities?<\/strong><\/p>\n\n\n\n<p class=\"wp-block-paragraph\">Currently, I report hours and send out checks. In the vineyards, there are fewer people and more machinery.&nbsp;But once they explain it, you can do it.&nbsp;<\/p>\n\n\n\n<p class=\"wp-block-paragraph\"><\/p>\n","protected":false},"excerpt":{"rendered":"<p>Supervisor agr\u00edcola<\/p>\n","protected":false},"author":48,"featured_media":7646,"comment_status":"closed","ping_status":"closed","sticky":false,"template":"","format":"standard","meta":{"_acf_changed":false,"_monsterinsights_skip_tracking":false,"footnotes":""},"categories":[175],"tags":[],"class_list":["post-7645","post","type-post","status-publish","format-standard","has-post-thumbnail","hentry","category-la-comunidad"],"acf":[],"yoast_head":"<!-- This site is optimized with the Yoast SEO plugin v28.3 - https:\/\/yoast.com\/product\/yoast-seo-wordpress\/ -->\n<title>Martin Martinez - Good Fruit Grower en Espa\u00f1ol<\/title>\n<meta name=\"robots\" content=\"index, follow, max-snippet:-1, max-image-preview:large, max-video-preview:-1\" \/>\n<link rel=\"canonical\" href=\"https:\/\/goodfruit.com\/es\/martin-martinez\/\" \/>\n<meta property=\"og:locale\" content=\"es_MX\" \/>\n<meta property=\"og:type\" content=\"article\" \/>\n<meta property=\"og:title\" content=\"Martin Martinez - Good Fruit Grower en Espa\u00f1ol\" \/>\n<meta property=\"og:description\" content=\"Supervisor agr\u00edcola\" \/>\n<meta property=\"og:url\" content=\"https:\/\/goodfruit.com\/es\/martin-martinez\/\" \/>\n<meta property=\"og:site_name\" content=\"Good Fruit Grower en Espa\u00f1ol\" \/>\n<meta property=\"article:published_time\" content=\"2026-09-01T08:15:00+00:00\" \/>\n<meta property=\"og:image\" content=\"https:\/\/goodfruit.com\/es\/wp-content\/uploads\/sites\/2\/2026\/08\/GFG_La-Comunidad-MartinezMartin_V2SEP-26.jpg\" \/>\n\t<meta property=\"og:image:width\" content=\"1200\" \/>\n\t<meta property=\"og:image:height\" content=\"1200\" \/>\n\t<meta property=\"og:image:type\" content=\"image\/jpeg\" \/>\n<meta name=\"author\" content=\"Jean Dibble\" \/>\n<meta name=\"twitter:card\" content=\"summary_large_image\" \/>\n<meta name=\"twitter:label1\" content=\"Escrito por\" \/>\n\t<meta name=\"twitter:data1\" content=\"Jean Dibble\" \/>\n\t<meta name=\"twitter:label2\" content=\"Tiempo de lectura\" \/>\n\t<meta name=\"twitter:data2\" content=\"3 minutos\" \/>\n<script type=\"application\/ld+json\" class=\"yoast-schema-graph\">{\"@context\":\"https:\\\/\\\/schema.org\",\"@graph\":[{\"@type\":\"Article\",\"@id\":\"https:\\\/\\\/goodfruit.com\\\/es\\\/martin-martinez\\\/#article\",\"isPartOf\":{\"@id\":\"https:\\\/\\\/goodfruit.com\\\/es\\\/martin-martinez\\\/\"},\"author\":{\"name\":\"Jean Dibble\",\"@id\":\"https:\\\/\\\/goodfruit.com\\\/es\\\/#\\\/schema\\\/person\\\/ae1f27f0786c487873dea1e644db7c1f\"},\"headline\":\"Martin Martinez\",\"datePublished\":\"2026-09-01T08:15:00+00:00\",\"mainEntityOfPage\":{\"@id\":\"https:\\\/\\\/goodfruit.com\\\/es\\\/martin-martinez\\\/\"},\"wordCount\":416,\"publisher\":{\"@id\":\"https:\\\/\\\/goodfruit.com\\\/es\\\/#organization\"},\"image\":{\"@id\":\"https:\\\/\\\/goodfruit.com\\\/es\\\/martin-martinez\\\/#primaryimage\"},\"thumbnailUrl\":\"https:\\\/\\\/goodfruit.com\\\/es\\\/wp-content\\\/uploads\\\/sites\\\/2\\\/2026\\\/08\\\/GFG_La-Comunidad-MartinezMartin_V2SEP-26.jpg\",\"articleSection\":[\"La comunidad\"],\"inLanguage\":\"es\"},{\"@type\":\"WebPage\",\"@id\":\"https:\\\/\\\/goodfruit.com\\\/es\\\/martin-martinez\\\/\",\"url\":\"https:\\\/\\\/goodfruit.com\\\/es\\\/martin-martinez\\\/\",\"name\":\"Martin Martinez - Good Fruit Grower en Espa\u00f1ol\",\"isPartOf\":{\"@id\":\"https:\\\/\\\/goodfruit.com\\\/es\\\/#website\"},\"primaryImageOfPage\":{\"@id\":\"https:\\\/\\\/goodfruit.com\\\/es\\\/martin-martinez\\\/#primaryimage\"},\"image\":{\"@id\":\"https:\\\/\\\/goodfruit.com\\\/es\\\/martin-martinez\\\/#primaryimage\"},\"thumbnailUrl\":\"https:\\\/\\\/goodfruit.com\\\/es\\\/wp-content\\\/uploads\\\/sites\\\/2\\\/2026\\\/08\\\/GFG_La-Comunidad-MartinezMartin_V2SEP-26.jpg\",\"datePublished\":\"2026-09-01T08:15:00+00:00\",\"breadcrumb\":{\"@id\":\"https:\\\/\\\/goodfruit.com\\\/es\\\/martin-martinez\\\/#breadcrumb\"},\"inLanguage\":\"es\",\"potentialAction\":[{\"@type\":\"ReadAction\",\"target\":[\"https:\\\/\\\/goodfruit.com\\\/es\\\/martin-martinez\\\/\"]}]},{\"@type\":\"ImageObject\",\"inLanguage\":\"es\",\"@id\":\"https:\\\/\\\/goodfruit.com\\\/es\\\/martin-martinez\\\/#primaryimage\",\"url\":\"https:\\\/\\\/goodfruit.com\\\/es\\\/wp-content\\\/uploads\\\/sites\\\/2\\\/2026\\\/08\\\/GFG_La-Comunidad-MartinezMartin_V2SEP-26.jpg\",\"contentUrl\":\"https:\\\/\\\/goodfruit.com\\\/es\\\/wp-content\\\/uploads\\\/sites\\\/2\\\/2026\\\/08\\\/GFG_La-Comunidad-MartinezMartin_V2SEP-26.jpg\",\"width\":1200,\"height\":1200},{\"@type\":\"BreadcrumbList\",\"@id\":\"https:\\\/\\\/goodfruit.com\\\/es\\\/martin-martinez\\\/#breadcrumb\",\"itemListElement\":[{\"@type\":\"ListItem\",\"position\":1,\"name\":\"Home\",\"item\":\"https:\\\/\\\/goodfruit.com\\\/es\\\/\"},{\"@type\":\"ListItem\",\"position\":2,\"name\":\"Martin Martinez\"}]},{\"@type\":\"WebSite\",\"@id\":\"https:\\\/\\\/goodfruit.com\\\/es\\\/#website\",\"url\":\"https:\\\/\\\/goodfruit.com\\\/es\\\/\",\"name\":\"Good Fruit Grower en Espa\u00f1ol\",\"description\":\"\",\"publisher\":{\"@id\":\"https:\\\/\\\/goodfruit.com\\\/es\\\/#organization\"},\"potentialAction\":[{\"@type\":\"SearchAction\",\"target\":{\"@type\":\"EntryPoint\",\"urlTemplate\":\"https:\\\/\\\/goodfruit.com\\\/es\\\/?s={search_term_string}\"},\"query-input\":{\"@type\":\"PropertyValueSpecification\",\"valueRequired\":true,\"valueName\":\"search_term_string\"}}],\"inLanguage\":\"es\"},{\"@type\":\"Organization\",\"@id\":\"https:\\\/\\\/goodfruit.com\\\/es\\\/#organization\",\"name\":\"Good Fruit Grower en Espa\u00f1ol\",\"url\":\"https:\\\/\\\/goodfruit.com\\\/es\\\/\",\"logo\":{\"@type\":\"ImageObject\",\"inLanguage\":\"es\",\"@id\":\"https:\\\/\\\/goodfruit.com\\\/es\\\/#\\\/schema\\\/logo\\\/image\\\/\",\"url\":\"https:\\\/\\\/goodfruit.com\\\/es\\\/wp-content\\\/uploads\\\/sites\\\/2\\\/2025\\\/04\\\/GFG_en_espanol_2025_WEB.png\",\"contentUrl\":\"https:\\\/\\\/goodfruit.com\\\/es\\\/wp-content\\\/uploads\\\/sites\\\/2\\\/2025\\\/04\\\/GFG_en_espanol_2025_WEB.png\",\"width\":2550,\"height\":1200,\"caption\":\"Good Fruit Grower en Espa\u00f1ol\"},\"image\":{\"@id\":\"https:\\\/\\\/goodfruit.com\\\/es\\\/#\\\/schema\\\/logo\\\/image\\\/\"}},{\"@type\":\"Person\",\"@id\":\"https:\\\/\\\/goodfruit.com\\\/es\\\/#\\\/schema\\\/person\\\/ae1f27f0786c487873dea1e644db7c1f\",\"name\":\"Jean Dibble\",\"image\":{\"@type\":\"ImageObject\",\"inLanguage\":\"es\",\"@id\":\"https:\\\/\\\/www.goodfruit.com\\\/wp-content\\\/uploads\\\/dibbleJeanMug-2353163tj-2023-wpProfile-96x96.jpg\",\"url\":\"https:\\\/\\\/www.goodfruit.com\\\/wp-content\\\/uploads\\\/dibbleJeanMug-2353163tj-2023-wpProfile-96x96.jpg\",\"contentUrl\":\"https:\\\/\\\/www.goodfruit.com\\\/wp-content\\\/uploads\\\/dibbleJeanMug-2353163tj-2023-wpProfile-96x96.jpg\",\"caption\":\"Jean Dibble\"},\"description\":\"Jean Dibble joined our team in March 2023 as our first biliterate coordinator for Good Fruit Grower en Espa\u00f1ol. She holds a master\u2019s degree in applied linguistics and has 10 years\u2019 experience in Spanish-language journalism in Central Washington.\",\"url\":\"https:\\\/\\\/goodfruit.com\\\/es\\\/author\\\/jdibble\\\/\"}]}<\/script>\n<!-- \/ Yoast SEO plugin. -->","yoast_head_json":{"title":"Martin Martinez - Good Fruit Grower en Espa\u00f1ol","robots":{"index":"index","follow":"follow","max-snippet":"max-snippet:-1","max-image-preview":"max-image-preview:large","max-video-preview":"max-video-preview:-1"},"canonical":"https:\/\/goodfruit.com\/es\/martin-martinez\/","og_locale":"es_MX","og_type":"article","og_title":"Martin Martinez - Good Fruit Grower en Espa\u00f1ol","og_description":"Supervisor agr\u00edcola","og_url":"https:\/\/goodfruit.com\/es\/martin-martinez\/","og_site_name":"Good Fruit Grower en Espa\u00f1ol","article_published_time":"2026-09-01T08:15:00+00:00","og_image":[{"width":1200,"height":1200,"url":"https:\/\/goodfruit.com\/es\/wp-content\/uploads\/sites\/2\/2026\/08\/GFG_La-Comunidad-MartinezMartin_V2SEP-26.jpg","type":"image\/jpeg"}],"author":"Jean Dibble","twitter_card":"summary_large_image","twitter_misc":{"Escrito por":"Jean Dibble","Tiempo de lectura":"3 minutos"},"schema":{"@context":"https:\/\/schema.org","@graph":[{"@type":"Article","@id":"https:\/\/goodfruit.com\/es\/martin-martinez\/#article","isPartOf":{"@id":"https:\/\/goodfruit.com\/es\/martin-martinez\/"},"author":{"name":"Jean Dibble","@id":"https:\/\/goodfruit.com\/es\/#\/schema\/person\/ae1f27f0786c487873dea1e644db7c1f"},"headline":"Martin Martinez","datePublished":"2026-09-01T08:15:00+00:00","mainEntityOfPage":{"@id":"https:\/\/goodfruit.com\/es\/martin-martinez\/"},"wordCount":416,"publisher":{"@id":"https:\/\/goodfruit.com\/es\/#organization"},"image":{"@id":"https:\/\/goodfruit.com\/es\/martin-martinez\/#primaryimage"},"thumbnailUrl":"https:\/\/goodfruit.com\/es\/wp-content\/uploads\/sites\/2\/2026\/08\/GFG_La-Comunidad-MartinezMartin_V2SEP-26.jpg","articleSection":["La comunidad"],"inLanguage":"es"},{"@type":"WebPage","@id":"https:\/\/goodfruit.com\/es\/martin-martinez\/","url":"https:\/\/goodfruit.com\/es\/martin-martinez\/","name":"Martin Martinez - Good Fruit Grower en Espa\u00f1ol","isPartOf":{"@id":"https:\/\/goodfruit.com\/es\/#website"},"primaryImageOfPage":{"@id":"https:\/\/goodfruit.com\/es\/martin-martinez\/#primaryimage"},"image":{"@id":"https:\/\/goodfruit.com\/es\/martin-martinez\/#primaryimage"},"thumbnailUrl":"https:\/\/goodfruit.com\/es\/wp-content\/uploads\/sites\/2\/2026\/08\/GFG_La-Comunidad-MartinezMartin_V2SEP-26.jpg","datePublished":"2026-09-01T08:15:00+00:00","breadcrumb":{"@id":"https:\/\/goodfruit.com\/es\/martin-martinez\/#breadcrumb"},"inLanguage":"es","potentialAction":[{"@type":"ReadAction","target":["https:\/\/goodfruit.com\/es\/martin-martinez\/"]}]},{"@type":"ImageObject","inLanguage":"es","@id":"https:\/\/goodfruit.com\/es\/martin-martinez\/#primaryimage","url":"https:\/\/goodfruit.com\/es\/wp-content\/uploads\/sites\/2\/2026\/08\/GFG_La-Comunidad-MartinezMartin_V2SEP-26.jpg","contentUrl":"https:\/\/goodfruit.com\/es\/wp-content\/uploads\/sites\/2\/2026\/08\/GFG_La-Comunidad-MartinezMartin_V2SEP-26.jpg","width":1200,"height":1200},{"@type":"BreadcrumbList","@id":"https:\/\/goodfruit.com\/es\/martin-martinez\/#breadcrumb","itemListElement":[{"@type":"ListItem","position":1,"name":"Home","item":"https:\/\/goodfruit.com\/es\/"},{"@type":"ListItem","position":2,"name":"Martin Martinez"}]},{"@type":"WebSite","@id":"https:\/\/goodfruit.com\/es\/#website","url":"https:\/\/goodfruit.com\/es\/","name":"Good Fruit Grower en Espa\u00f1ol","description":"","publisher":{"@id":"https:\/\/goodfruit.com\/es\/#organization"},"potentialAction":[{"@type":"SearchAction","target":{"@type":"EntryPoint","urlTemplate":"https:\/\/goodfruit.com\/es\/?s={search_term_string}"},"query-input":{"@type":"PropertyValueSpecification","valueRequired":true,"valueName":"search_term_string"}}],"inLanguage":"es"},{"@type":"Organization","@id":"https:\/\/goodfruit.com\/es\/#organization","name":"Good Fruit Grower en Espa\u00f1ol","url":"https:\/\/goodfruit.com\/es\/","logo":{"@type":"ImageObject","inLanguage":"es","@id":"https:\/\/goodfruit.com\/es\/#\/schema\/logo\/image\/","url":"https:\/\/goodfruit.com\/es\/wp-content\/uploads\/sites\/2\/2025\/04\/GFG_en_espanol_2025_WEB.png","contentUrl":"https:\/\/goodfruit.com\/es\/wp-content\/uploads\/sites\/2\/2025\/04\/GFG_en_espanol_2025_WEB.png","width":2550,"height":1200,"caption":"Good Fruit Grower en Espa\u00f1ol"},"image":{"@id":"https:\/\/goodfruit.com\/es\/#\/schema\/logo\/image\/"}},{"@type":"Person","@id":"https:\/\/goodfruit.com\/es\/#\/schema\/person\/ae1f27f0786c487873dea1e644db7c1f","name":"Jean Dibble","image":{"@type":"ImageObject","inLanguage":"es","@id":"https:\/\/www.goodfruit.com\/wp-content\/uploads\/dibbleJeanMug-2353163tj-2023-wpProfile-96x96.jpg","url":"https:\/\/www.goodfruit.com\/wp-content\/uploads\/dibbleJeanMug-2353163tj-2023-wpProfile-96x96.jpg","contentUrl":"https:\/\/www.goodfruit.com\/wp-content\/uploads\/dibbleJeanMug-2353163tj-2023-wpProfile-96x96.jpg","caption":"Jean Dibble"},"description":"Jean Dibble joined our team in March 2023 as our first biliterate coordinator for Good Fruit Grower en Espa\u00f1ol. She holds a master\u2019s degree in applied linguistics and has 10 years\u2019 experience in Spanish-language journalism in Central Washington.","url":"https:\/\/goodfruit.com\/es\/author\/jdibble\/"}]}},"wps_subtitle":"","_links":{"self":[{"href":"https:\/\/goodfruit.com\/es\/wp-json\/wp\/v2\/posts\/7645","targetHints":{"allow":["GET"]}}],"collection":[{"href":"https:\/\/goodfruit.com\/es\/wp-json\/wp\/v2\/posts"}],"about":[{"href":"https:\/\/goodfruit.com\/es\/wp-json\/wp\/v2\/types\/post"}],"author":[{"embeddable":true,"href":"https:\/\/goodfruit.com\/es\/wp-json\/wp\/v2\/users\/48"}],"replies":[{"embeddable":true,"href":"https:\/\/goodfruit.com\/es\/wp-json\/wp\/v2\/comments?post=7645"}],"version-history":[{"count":1,"href":"https:\/\/goodfruit.com\/es\/wp-json\/wp\/v2\/posts\/7645\/revisions"}],"predecessor-version":[{"id":7648,"href":"https:\/\/goodfruit.com\/es\/wp-json\/wp\/v2\/posts\/7645\/revisions\/7648"}],"wp:featuredmedia":[{"embeddable":true,"href":"https:\/\/goodfruit.com\/es\/wp-json\/wp\/v2\/media\/7646"}],"wp:attachment":[{"href":"https:\/\/goodfruit.com\/es\/wp-json\/wp\/v2\/media?parent=7645"}],"wp:term":[{"taxonomy":"category","embeddable":true,"href":"https:\/\/goodfruit.com\/es\/wp-json\/wp\/v2\/categories?post=7645"},{"taxonomy":"post_tag","embeddable":true,"href":"https:\/\/goodfruit.com\/es\/wp-json\/wp\/v2\/tags?post=7645"}],"curies":[{"name":"wp","href":"https:\/\/api.w.org\/{rel}","templated":true}]}}